{"id":496088,"date":"2017-08-25T14:47:13","date_gmt":"2017-08-25T19:47:13","guid":{"rendered":"https:\/\/www.futboltotal.com.mx\/?p=496088"},"modified":"2017-08-25T14:47:13","modified_gmt":"2017-08-25T19:47:13","slug":"mayweather-vs-mcgregor-la-pelea-de-declaraciones","status":"publish","type":"post","link":"http:\/\/desarrollo.grupomedios.com\/futbol\/videos\/mayweather-vs-mcgregor-la-pelea-de-declaraciones\/2017\/08","title":{"rendered":"Mayweather vs. McGregor, la pelea de declaraciones"},"content":{"rendered":"<p>Dimes y diretes se han dado entre el boxeador <strong>Floyd Mayweather Jr.<\/strong> y el peleador de UFC, <strong>Conor McGregor<\/strong>.<\/p>\n<p>Las bolsas que ganar\u00e1n cada uno, su forma de vestir, su forma de pelear, son s\u00f3lo algunas de las tantas frases con las que se han increpado entre s\u00ed.<\/p>\n<p>\u00bfQui\u00e9res saber todo lo que se han dicho? <strong>\u00a1NO TE LO PIERDAS!<\/strong><\/p>\n<p>[video_player] https:\/\/player.vimeo.com\/external\/231127260.hd.mp4?s=3c4bae19452b48d399c3ab454d94e111b3577ea4&amp;profile_id=174 [\/video_player]<\/p>\n<p>&nbsp;<\/p>\n<p>&nbsp;<\/p>\n","protected":false},"excerpt":{"rendered":"<p>Floyd Mayweather Jr. y Conor McGregor tendr\u00e1n una pelea diferente<\/p>\n","protected":false},"author":20,"featured_media":496089,"comment_status":"closed","ping_status":"closed","sticky":false,"template":"","format":"standard","meta":[],"categories":[6282,5,6411,4],"tags":[8231,8603,8550],"_links":{"self":[{"href":"http:\/\/desarrollo.grupomedios.com\/futbol\/wp-json\/wp\/v2\/posts\/496088"}],"collection":[{"href":"http:\/\/desarrollo.grupomedios.com\/futbol\/wp-json\/wp\/v2\/posts"}],"about":[{"href":"http:\/\/desarrollo.grupomedios.com\/futbol\/wp-json\/wp\/v2\/types\/post"}],"author":[{"embeddable":true,"href":"http:\/\/desarrollo.grupomedios.com\/futbol\/wp-json\/wp\/v2\/users\/20"}],"replies":[{"embeddable":true,"href":"http:\/\/desarrollo.grupomedios.com\/futbol\/wp-json\/wp\/v2\/comments?post=496088"}],"version-history":[{"count":2,"href":"http:\/\/desarrollo.grupomedios.com\/futbol\/wp-json\/wp\/v2\/posts\/496088\/revisions"}],"predecessor-version":[{"id":496200,"href":"http:\/\/desarrollo.grupomedios.com\/futbol\/wp-json\/wp\/v2\/posts\/496088\/revisions\/496200"}],"wp:featuredmedia":[{"embeddable":true,"href":"http:\/\/desarrollo.grupomedios.com\/futbol\/wp-json\/wp\/v2\/media\/496089"}],"wp:attachment":[{"href":"http:\/\/desarrollo.grupomedios.com\/futbol\/wp-json\/wp\/v2\/media?parent=496088"}],"wp:term":[{"taxonomy":"category","embeddable":true,"href":"http:\/\/desarrollo.grupomedios.com\/futbol\/wp-json\/wp\/v2\/categories?post=496088"},{"taxonomy":"post_tag","embeddable":true,"href":"http:\/\/desarrollo.grupomedios.com\/futbol\/wp-json\/wp\/v2\/tags?post=496088"}],"curies":[{"name":"wp","href":"https:\/\/api.w.org\/{rel}","templated":true}]}}