{"id":496102,"date":"2017-08-25T09:42:45","date_gmt":"2017-08-25T14:42:45","guid":{"rendered":"https:\/\/www.futboltotal.com.mx\/?p=496102"},"modified":"2017-09-06T14:35:13","modified_gmt":"2017-09-06T19:35:13","slug":"dia-liborio-elimino-a-sus-chivas-heroe-del-queretaro","status":"publish","type":"post","link":"http:\/\/desarrollo.grupomedios.com\/futbol\/destacado-home\/dia-liborio-elimino-a-sus-chivas-heroe-del-queretaro\/2017\/08","title":{"rendered":"El d\u00eda que Liborio elimin\u00f3 a sus Chivas como h\u00e9roe del Quer\u00e9taro"},"content":{"rendered":"<p>Este s\u00e1bado se llevar\u00e1 a cabo el encuentro entre <strong>Chivas<\/strong> y <strong>Quer\u00e9taro<\/strong> por la <strong>Jornada 7<\/strong> del <strong>Apertura 2017<\/strong> de la <strong>Liga MX<\/strong>, sin embargo, este cotejo tendr\u00e1 un sabor especial por aquella ocasi\u00f3n en que <em>Gallos Blancos<\/em> elimin\u00f3 al &#8216;Reba\u00f1o Sagrado&#8217; en los <em>Cuartos de Final<\/em> del <strong>Clausura 2011<\/strong>, con una excelsa actuaci\u00f3n de <strong>Liborio S\u00e1nchez.<\/strong><\/p>\n<p>[video_player]https:\/\/player.vimeo.com\/external\/231015123.hd.mp4?s=3e56aab87c335ff58609902185c3b56368559a80&amp;profile_id=174[\/video_player]<\/p>\n<p>El guardameta que milita actualmente en<strong> Alianza Petrolera,<\/strong> naci\u00f3 el 09 de octubre de 1989 en la<strong> Ciudad de M\u00e9xico<\/strong>, en 2011, el cancerbero pintaba para ser figura de la escuadra rojiblanca, luego de una brillante actuaci\u00f3n con el <em>Chiver\u00edo<\/em> en la <strong>Copa Libertadores<\/strong> de aquel a\u00f1o.<\/p>\n<p style=\"text-align: center;\"><a href=\"https:\/\/www.futboltotal.com.mx\/2017\/08\/fifa-18-tendra-nuevo-modo-juego\/\" target=\"_blank\" rel=\"noopener noreferrer\"><span style=\"color: #333399;\">VER M\u00c1S:\u00a0\u00bfFIFA 18 tendr\u00e1 nuevo modo de juego?<\/span><\/a><\/p>\n<p>Sin embargo, pese a sus actuaciones no logr\u00f3 consolidarse con <strong>Chivas<\/strong> y termin\u00f3 emigrando a <strong>Veracruz<\/strong> y posteriormente a <strong>Quer\u00e9taro<\/strong>, equipo con el que brill\u00f3 en el <strong>Clausura 2011<\/strong>, cuando Gallos se col\u00f3 a la <em>Liguilla<\/em> como octavo, mientras que los tapat\u00edos hicieron lo propio pero como l\u00edderes generales.<\/p>\n<p><strong>Quer\u00e9taro<\/strong> y <strong>Chivas<\/strong> se vieron las caras en la ronda de <em>Cuartos de Final<\/em>, donde en el juego de ida los queretanos se llevaron la victoria 2-1 y para la vuelta el encuentro termin\u00f3 igualado a 0-0, gracias a la gran actuaci\u00f3n de <strong>Liborio S\u00e1nchez<\/strong>, quien ataj\u00f3 hasta lo imposible y mantuvo su puerta en ceros para darle el pase a su equipo a las semifinales.<\/p>\n<p style=\"text-align: center;\"><a href=\"https:\/\/www.futboltotal.com.mx\/2017\/08\/tigres-hace-oficial-la-contratacion-de-rafael-carioca\/\" target=\"_blank\" rel=\"noopener noreferrer\"><span style=\"color: #333399;\">VER M\u00c1S:\u00a0Tigres hace oficial la contrataci\u00f3n de Rafael Carioca<\/span><\/a><\/p>\n<p>Con su actuaci\u00f3n, <strong>Liborio<\/strong> le demostr\u00f3 a <strong>Chivas<\/strong> que cometi\u00f3 un error al dejarlo ir y se convirti\u00f3 en el h\u00e9roe de <strong>Quer\u00e9taro<\/strong>, d\u00e1ndole el pase a semifinales a su equipo, donde se enfrentaron a <strong>Tigres<\/strong>, equipo que los elimin\u00f3 de la Fiesta Grande.<\/p>\n<p><strong>Por: Javier Arroyo<\/strong><\/p>\n","protected":false},"excerpt":{"rendered":"<p>Liborio S\u00e1nchez, le h\u00e9roe de Quer\u00e9taro que elimin\u00f3 a Chivas en el Clausura 2011<\/p>\n","protected":false},"author":20,"featured_media":496106,"comment_status":"closed","ping_status":"closed","sticky":false,"template":"","format":"standard","meta":[],"categories":[5,2198,3845],"tags":[70,9916,482,590,5970],"_links":{"self":[{"href":"http:\/\/desarrollo.grupomedios.com\/futbol\/wp-json\/wp\/v2\/posts\/496102"}],"collection":[{"href":"http:\/\/desarrollo.grupomedios.com\/futbol\/wp-json\/wp\/v2\/posts"}],"about":[{"href":"http:\/\/desarrollo.grupomedios.com\/futbol\/wp-json\/wp\/v2\/types\/post"}],"author":[{"embeddable":true,"href":"http:\/\/desarrollo.grupomedios.com\/futbol\/wp-json\/wp\/v2\/users\/20"}],"replies":[{"embeddable":true,"href":"http:\/\/desarrollo.grupomedios.com\/futbol\/wp-json\/wp\/v2\/comments?post=496102"}],"version-history":[{"count":4,"href":"http:\/\/desarrollo.grupomedios.com\/futbol\/wp-json\/wp\/v2\/posts\/496102\/revisions"}],"predecessor-version":[{"id":498503,"href":"http:\/\/desarrollo.grupomedios.com\/futbol\/wp-json\/wp\/v2\/posts\/496102\/revisions\/498503"}],"wp:featuredmedia":[{"embeddable":true,"href":"http:\/\/desarrollo.grupomedios.com\/futbol\/wp-json\/wp\/v2\/media\/496106"}],"wp:attachment":[{"href":"http:\/\/desarrollo.grupomedios.com\/futbol\/wp-json\/wp\/v2\/media?parent=496102"}],"wp:term":[{"taxonomy":"category","embeddable":true,"href":"http:\/\/desarrollo.grupomedios.com\/futbol\/wp-json\/wp\/v2\/categories?post=496102"},{"taxonomy":"post_tag","embeddable":true,"href":"http:\/\/desarrollo.grupomedios.com\/futbol\/wp-json\/wp\/v2\/tags?post=496102"}],"curies":[{"name":"wp","href":"https:\/\/api.w.org\/{rel}","templated":true}]}}