{"id":496104,"date":"2017-08-24T21:45:01","date_gmt":"2017-08-25T02:45:01","guid":{"rendered":"https:\/\/www.futboltotal.com.mx\/?p=496104"},"modified":"2017-08-24T21:46:28","modified_gmt":"2017-08-25T02:46:28","slug":"presentan-a-juan-manuel-iturbe-tijuana","status":"publish","type":"post","link":"http:\/\/desarrollo.grupomedios.com\/futbol\/futbol-mexicano\/presentan-a-juan-manuel-iturbe-tijuana\/2017\/08","title":{"rendered":"Presentan a Juan Manuel Iturbe con Tijuana"},"content":{"rendered":"<p>El futbolista <strong>Juan Manuel Iturbe<\/strong> fue presentado como nuevo jugador de los <em>Xolos<\/em> de <strong>Tijuana<\/strong>.<\/p>\n<p>El argentino naturalizado paraguayo usar\u00e1 el n\u00famero 20 en el dorsal, y en su presentaci\u00f3n, Iturbe destac\u00f3 que est\u00e1 muy contento por dar un gran paso en su carrera.<\/p>\n<p style=\"text-align: center;\"><span style=\"color: #333399;\"><a style=\"color: #333399;\" href=\"https:\/\/www.futboltotal.com.mx\/2017\/08\/tijuana-vs-pachuca-liga-mx-apertura-2017-minuto-a-minuto\/\">VER M\u00c1S: <span class=\"item-title\">PREVIO | Tijuana vs Pachuca, comienza la Jornada 7<\/span><\/a><\/span><\/p>\n<p>&#8220;Tuve un gran paso por Europa que me dio mucha experiencia, me fui muy joven, y creo que uno siempre aprende, por lo que llegar aqu\u00ed vengo a adaptarme al equipo y a aportar&#8221;, sentenci\u00f3 Iturbe.<\/p>\n<p>Ignacio Palou, director deportivo de los Xolos asegur\u00f3 que el fichaje de Juan Manuel no fue sencillo pero lograron que llegara a Tijuana.<\/p>\n<blockquote class=\"twitter-video\" data-lang=\"es\">\n<p dir=\"ltr\" lang=\"es\">Estas son las primeras declaraciones de <a href=\"https:\/\/twitter.com\/Juan_iturbe93\">@Juan_iturbe93<\/a>\u200b como Xoloitzcuintle \u00a1Bienvenido al Mictl\u00e1n! <a href=\"https:\/\/twitter.com\/hashtag\/FuerzaTijuas?src=hash\">#FuerzaTijuas<\/a> <a href=\"https:\/\/t.co\/o4kbMqrSTh\">pic.twitter.com\/o4kbMqrSTh<\/a><\/p>\n<p>\u2014 Xolos (@Xolos) <a href=\"https:\/\/twitter.com\/Xolos\/status\/900906838236909568\">25 de agosto de 2017<\/a><\/p><\/blockquote>\n<p><script async src=\"\/\/platform.twitter.com\/widgets.js\" charset=\"utf-8\"><\/script><\/p>\n","protected":false},"excerpt":{"rendered":"<p>El futbolista argentino naturalizado paraguayo portar\u00e1 la playera n\u00famero 20<\/p>\n","protected":false},"author":160,"featured_media":496110,"comment_status":"closed","ping_status":"closed","sticky":false,"template":"","format":"standard","meta":[],"categories":[2198,3845],"tags":[9847,5974],"_links":{"self":[{"href":"http:\/\/desarrollo.grupomedios.com\/futbol\/wp-json\/wp\/v2\/posts\/496104"}],"collection":[{"href":"http:\/\/desarrollo.grupomedios.com\/futbol\/wp-json\/wp\/v2\/posts"}],"about":[{"href":"http:\/\/desarrollo.grupomedios.com\/futbol\/wp-json\/wp\/v2\/types\/post"}],"author":[{"embeddable":true,"href":"http:\/\/desarrollo.grupomedios.com\/futbol\/wp-json\/wp\/v2\/users\/160"}],"replies":[{"embeddable":true,"href":"http:\/\/desarrollo.grupomedios.com\/futbol\/wp-json\/wp\/v2\/comments?post=496104"}],"version-history":[{"count":1,"href":"http:\/\/desarrollo.grupomedios.com\/futbol\/wp-json\/wp\/v2\/posts\/496104\/revisions"}],"predecessor-version":[{"id":496109,"href":"http:\/\/desarrollo.grupomedios.com\/futbol\/wp-json\/wp\/v2\/posts\/496104\/revisions\/496109"}],"wp:featuredmedia":[{"embeddable":true,"href":"http:\/\/desarrollo.grupomedios.com\/futbol\/wp-json\/wp\/v2\/media\/496110"}],"wp:attachment":[{"href":"http:\/\/desarrollo.grupomedios.com\/futbol\/wp-json\/wp\/v2\/media?parent=496104"}],"wp:term":[{"taxonomy":"category","embeddable":true,"href":"http:\/\/desarrollo.grupomedios.com\/futbol\/wp-json\/wp\/v2\/categories?post=496104"},{"taxonomy":"post_tag","embeddable":true,"href":"http:\/\/desarrollo.grupomedios.com\/futbol\/wp-json\/wp\/v2\/tags?post=496104"}],"curies":[{"name":"wp","href":"https:\/\/api.w.org\/{rel}","templated":true}]}}