{"id":496115,"date":"2017-08-25T08:48:26","date_gmt":"2017-08-25T13:48:26","guid":{"rendered":"https:\/\/www.futboltotal.com.mx\/?p=496115"},"modified":"2017-08-25T08:48:26","modified_gmt":"2017-08-25T13:48:26","slug":"asi-quedaron-los-grupos-la-europa-league-2017-2018","status":"publish","type":"post","link":"http:\/\/desarrollo.grupomedios.com\/futbol\/futbol-internacional\/asi-quedaron-los-grupos-la-europa-league-2017-2018\/2017\/08","title":{"rendered":"As\u00ed quedaron los grupos de la Europa League 2017-2018"},"content":{"rendered":"<p class=\"DETALLE_N_titulo \"><span id=\"ctl14_lblMostra\"> El sorteo de la fase de grupos de la <strong><span class=\"classCadenaBusqueda\">Europa League<\/span> 2017-18<\/strong> fue exigente con el <strong>Lyon<\/strong>, anfitri\u00f3n de la final, y la\u00a0<strong>Lazio<\/strong>, en tanto que el <strong>Milan<\/strong>, el <strong>Arsenal<\/strong> y el <strong>Villarreal<\/strong> tuvieron, sobre el papel, m\u00e1s fortuna.<\/span><\/p>\n<p>El conjunto franc\u00e9s se tendr\u00e1 que enfrentar al complicado <strong>Everton<\/strong> de <strong>Wayne Rooney<\/strong> y al <strong>Atalanta<\/strong> italiano, con los que debe jugarse el mando del grupo E, as\u00ed como al Apollon Limassol, en principio el m\u00e1s f\u00e1cil, aunque viene de eliminar al Midtjylland dan\u00e9s.<\/p>\n<p>La<strong> Lazio<\/strong> se jugar\u00e1 su suerte dentro del grupo K, que comanda junto al <strong>Niza<\/strong> de <strong>Mario Balotelli<\/strong>, que se qued\u00f3 fuera de la <strong><span class=\"classCadenaBusqueda\">Champions League<\/span><\/strong>\u00a0ante el <strong>N\u00e1poles<\/strong>, mientras que el Zulte Waregem belga y el Vitesse Arnhem holand\u00e9s, equipos de menor nivel, anuncian batalla.<\/p>\n<p style=\"text-align: center;\"><a href=\"https:\/\/www.futboltotal.com.mx\/2017\/08\/tigres-hace-oficial-la-contratacion-de-rafael-carioca\/\" target=\"_blank\" rel=\"noopener noreferrer\"><span style=\"color: #333399;\">VER M\u00c1S: Tigres hace oficial la contrataci\u00f3n de Rafael Carioca<\/span><\/a><\/p>\n<p class=\"DETALLE_N_titulo \"><span id=\"ctl14_lblMostra\"><a href=\"https:\/\/www.futboltotal.com.mx\/wp-content\/uploads\/2017\/08\/Europa-League.jpg\"><img decoding=\"async\" loading=\"lazy\" class=\"aligncenter size-large wp-image-496117\" src=\"https:\/\/www.futboltotal.com.mx\/wp-content\/uploads\/2017\/08\/Europa-League-1024x576.jpg\" alt=\"As\u00ed quedaron los grupos de la Europa League 2017-2018 0\" srcset=\"http:\/\/desarrollo.grupomedios.com\/futbol\/wp-content\/uploads\/2017\/08\/Europa-League-1024x576.jpg 1024w, http:\/\/desarrollo.grupomedios.com\/futbol\/wp-content\/uploads\/2017\/08\/Europa-League-300x169.jpg 300w, http:\/\/desarrollo.grupomedios.com\/futbol\/wp-content\/uploads\/2017\/08\/Europa-League-768x432.jpg 768w, http:\/\/desarrollo.grupomedios.com\/futbol\/wp-content\/uploads\/2017\/08\/Europa-League-393x221.jpg 393w, http:\/\/desarrollo.grupomedios.com\/futbol\/wp-content\/uploads\/2017\/08\/Europa-League.jpg 1136w\" sizes=\"(max-width: 1024px) 100vw, 1024px\" \/><\/a><br \/>\nEl ultra-remozado <strong>Milan<\/strong> no deber\u00eda tener excesivos problemas ante el Austria Viena, verdugo del Osijek, otro equipo croata, el Rijeka, v\u00edctima en la previa de la &#8216;Champions&#8217; del Olympiacos, y el AEK Atenas del t\u00e9cnico espa\u00f1ol Manolo Jim\u00e9nez, que acab\u00f3 con el Brujas.<\/span><\/p>\n<p>El <strong>Arsenal<\/strong>, tras muchos a\u00f1os en la m\u00e1xima competici\u00f3n continental, esta ocasi\u00f3n buscar\u00e1 protagonismo en esta <span class=\"classCadenaBusqueda\">Liga<\/span> <span class=\"classCadenaBusqueda\">Europa<\/span>. De momento, sus rivales tambi\u00e9n son inferiores, el BATE Borisov y dos hist\u00f3ricos que buscan recuperar su sitio como Colonia y Estrella Roja.<\/p>\n<p>El <strong>Villarreal<\/strong> encara con moral el nuevo curso europeo. El Maccabi Tel Aviv de Jordi Cruyff, el Astana, que cay\u00f3 en la &#8216;Champions&#8217; ante el Celtic, y el Slavia Praga, son oponentes a priori bastante asequibles para los de Fran Escrib\u00e1.<\/p>\n<blockquote class=\"twitter-video\" data-lang=\"es\">\n<p dir=\"ltr\" lang=\"en\">With plenty of new faces, this <a href=\"https:\/\/twitter.com\/hashtag\/UEL?src=hash\">#UEL<\/a> season promises to be special.<br \/>\nCan it live up to an incredible 2016\/17?<a href=\"https:\/\/twitter.com\/hashtag\/UELdraw?src=hash\">#UELdraw<\/a> <a href=\"https:\/\/t.co\/HsJkGydY0s\">pic.twitter.com\/HsJkGydY0s<\/a><\/p>\n<p>\u2014 UEFA Europa League (@EuropaLeague) <a href=\"https:\/\/twitter.com\/EuropaLeague\/status\/901057806702452737\">25 de agosto de 2017<\/a><\/p><\/blockquote>\n<p><script async src=\"\/\/platform.twitter.com\/widgets.js\" charset=\"utf-8\"><\/script><br \/>\nEl Athletic tiene al Hertha Berl\u00edn como principal rival y a dos &#8216;semidesconocidos&#8217; como el Zorya Luhansk ucraniano y el Ostersund sueco, y la <strong>Real Sociedad<\/strong> se medir\u00e1 a rivales de entidad como el Zenit San Petersburgo y el Rosenborg, que ape\u00f3 al Ajax, actual subcampe\u00f3n del torneo, as\u00ed como al Vardar macedonio.<\/p>\n<p>El <strong>Olympique Marsella<\/strong> deber\u00eda imponer su jerarqu\u00eda en el grupo I, en el que jugar\u00e1 contra el Salzburgo, el Vitoria Guimaraes y el Konyaspor, al igual que el Dinamo Kiev en el B, donde se encontrar\u00e1 con el Young Boys, el Partizan y el Skenderbeu.<\/p>\n<p>El sorteo tuvo lugar en el Forum Grimaldi de Montecarlo con dos exbarcelonistas como el sueco <strong>Henrik Larsson<\/strong> y el franc\u00e9s <strong>Eric Abidal<\/strong>, embajador de la final que tendr\u00e1 lugar en Lyon en busca del &#8216;heredero&#8217; del <strong>Manchester United<\/strong>, campe\u00f3n la pasada temporada en Estocolmo.<\/p>\n","protected":false},"excerpt":{"rendered":"<p>Clubes como Milan, el Arsenal y el Villarreal corrieron con suerte.<\/p>\n","protected":false},"author":144,"featured_media":496116,"comment_status":"closed","ping_status":"closed","sticky":false,"template":"","format":"standard","meta":[],"categories":[3857,3839],"tags":[8992,516,9917,3319],"_links":{"self":[{"href":"http:\/\/desarrollo.grupomedios.com\/futbol\/wp-json\/wp\/v2\/posts\/496115"}],"collection":[{"href":"http:\/\/desarrollo.grupomedios.com\/futbol\/wp-json\/wp\/v2\/posts"}],"about":[{"href":"http:\/\/desarrollo.grupomedios.com\/futbol\/wp-json\/wp\/v2\/types\/post"}],"author":[{"embeddable":true,"href":"http:\/\/desarrollo.grupomedios.com\/futbol\/wp-json\/wp\/v2\/users\/144"}],"replies":[{"embeddable":true,"href":"http:\/\/desarrollo.grupomedios.com\/futbol\/wp-json\/wp\/v2\/comments?post=496115"}],"version-history":[{"count":1,"href":"http:\/\/desarrollo.grupomedios.com\/futbol\/wp-json\/wp\/v2\/posts\/496115\/revisions"}],"predecessor-version":[{"id":496119,"href":"http:\/\/desarrollo.grupomedios.com\/futbol\/wp-json\/wp\/v2\/posts\/496115\/revisions\/496119"}],"wp:featuredmedia":[{"embeddable":true,"href":"http:\/\/desarrollo.grupomedios.com\/futbol\/wp-json\/wp\/v2\/media\/496116"}],"wp:attachment":[{"href":"http:\/\/desarrollo.grupomedios.com\/futbol\/wp-json\/wp\/v2\/media?parent=496115"}],"wp:term":[{"taxonomy":"category","embeddable":true,"href":"http:\/\/desarrollo.grupomedios.com\/futbol\/wp-json\/wp\/v2\/categories?post=496115"},{"taxonomy":"post_tag","embeddable":true,"href":"http:\/\/desarrollo.grupomedios.com\/futbol\/wp-json\/wp\/v2\/tags?post=496115"}],"curies":[{"name":"wp","href":"https:\/\/api.w.org\/{rel}","templated":true}]}}