{"id":496128,"date":"2017-08-25T09:55:50","date_gmt":"2017-08-25T14:55:50","guid":{"rendered":"https:\/\/www.futboltotal.com.mx\/?p=496128"},"modified":"2017-08-25T11:34:38","modified_gmt":"2017-08-25T16:34:38","slug":"floyd-mayweather-le-tiene-miedo-a-los-mexicanos-lo-dice-mcgregor","status":"publish","type":"post","link":"http:\/\/desarrollo.grupomedios.com\/futbol\/destacado-home\/floyd-mayweather-le-tiene-miedo-a-los-mexicanos-lo-dice-mcgregor\/2017\/08","title":{"rendered":"\u00bfFloyd Mayweather le tiene miedo a los mexicanos? Lo dice McGregor"},"content":{"rendered":"<p>La pelea entre<strong>\u00a0Conor McGregor<\/strong> y <strong>Floyd Mayweather<\/strong> est\u00e1 cada vez m\u00e1s cerca y est\u00e1n intentando calentarla por todos los medios.<\/p>\n<p>McGregor habl\u00f3 para algunos medios mexicanos e indic\u00f3 como\u00a0Mayweather rechaz\u00f3 de forma categ\u00f3rica pelear con guantes hechos en M\u00e9xico.<\/p>\n<blockquote><p>&#8220;\u00bfVes la marca Cleto Reyes? Floyd se volvi\u00f3 loco cuando los mencionaron, porque en las reglas del contrato dijo <strong>\u2018no guantes mexicanos<\/strong>, ni de pelo de caballo\u2019; le debe tener miedo a los mexicanos, \u00e9l pele\u00f3 con muchos mexicanos en su carrera&#8221;, expres\u00f3 el peleador de la UFC.<\/p><\/blockquote>\n<p style=\"text-align: center;\"><span style=\"color: #333399;\"><a style=\"color: #333399;\" href=\"https:\/\/www.futboltotal.com.mx\/2017\/08\/porto-rechazo-una-oferta-del-lyon-miguel-layun\/\" target=\"_blank\" rel=\"noopener noreferrer\">VER M\u00c1S: La oferta que rechaz\u00f3 Porto por Lay\u00fan<\/a><\/span><\/p>\n<p>Por otro lado, McGregor mostr\u00f3 la simpat\u00eda con los mexicanos y se prob\u00f3 \u00a0los art\u00edculos reconocidos por su calidad y compar\u00f3 al pa\u00eds con Irlanda.<\/p>\n<blockquote><p>&#8220;Fui a sentir los guantes mexicanos, porque de donde vengo son iguales, de 4 onzas. <strong>Los mexicanos son como los irlandeses<\/strong>, nos gusta la buena pelea\u2026 \u00a1Viva M\u00e9xico!&#8221;, indic\u00f3.<\/p><\/blockquote>\n<div class=\"fb-video\" data-href=\"https:\/\/www.facebook.com\/roundosoficial\/videos\/1966657710277576\/\" data-data-show-text=\"false\">\n<blockquote class=\"fb-xfbml-parse-ignore\" cite=\"https:\/\/www.facebook.com\/roundosoficial\/videos\/1966657710277576\/\"><p>&nbsp;<\/p>\n<p>C O M P A R T E<\/p>\n<p>AL BOXEO NO SE JUEGA!!!!!!!!<\/p>\n<p>Conor McGregor sabe&#8230;&#8221;VIVA MEXICO&#8221; !!!!!!!!!!!!!!!!!<\/p>\n<p>#BOXEO<br \/>\n#FloydMayweather<br \/>\n#ConorMcgregor<br \/>\n#McgregorMayweather<\/p>\n<p>Posted by <a href=\"https:\/\/www.facebook.com\/roundosoficial\/\">RoundOs Oficial<\/a> on Thursday, August 24, 2017<\/p><\/blockquote>\n<\/div>\n","protected":false},"excerpt":{"rendered":"<p>Ambos peleadores contin\u00faan calentando el combate<\/p>\n","protected":false},"author":20,"featured_media":485007,"comment_status":"closed","ping_status":"closed","sticky":false,"template":"","format":"standard","meta":[],"categories":[5,6411],"tags":[8231,5518],"_links":{"self":[{"href":"http:\/\/desarrollo.grupomedios.com\/futbol\/wp-json\/wp\/v2\/posts\/496128"}],"collection":[{"href":"http:\/\/desarrollo.grupomedios.com\/futbol\/wp-json\/wp\/v2\/posts"}],"about":[{"href":"http:\/\/desarrollo.grupomedios.com\/futbol\/wp-json\/wp\/v2\/types\/post"}],"author":[{"embeddable":true,"href":"http:\/\/desarrollo.grupomedios.com\/futbol\/wp-json\/wp\/v2\/users\/20"}],"replies":[{"embeddable":true,"href":"http:\/\/desarrollo.grupomedios.com\/futbol\/wp-json\/wp\/v2\/comments?post=496128"}],"version-history":[{"count":3,"href":"http:\/\/desarrollo.grupomedios.com\/futbol\/wp-json\/wp\/v2\/posts\/496128\/revisions"}],"predecessor-version":[{"id":496150,"href":"http:\/\/desarrollo.grupomedios.com\/futbol\/wp-json\/wp\/v2\/posts\/496128\/revisions\/496150"}],"wp:featuredmedia":[{"embeddable":true,"href":"http:\/\/desarrollo.grupomedios.com\/futbol\/wp-json\/wp\/v2\/media\/485007"}],"wp:attachment":[{"href":"http:\/\/desarrollo.grupomedios.com\/futbol\/wp-json\/wp\/v2\/media?parent=496128"}],"wp:term":[{"taxonomy":"category","embeddable":true,"href":"http:\/\/desarrollo.grupomedios.com\/futbol\/wp-json\/wp\/v2\/categories?post=496128"},{"taxonomy":"post_tag","embeddable":true,"href":"http:\/\/desarrollo.grupomedios.com\/futbol\/wp-json\/wp\/v2\/tags?post=496128"}],"curies":[{"name":"wp","href":"https:\/\/api.w.org\/{rel}","templated":true}]}}