{"id":496143,"date":"2017-08-25T11:09:41","date_gmt":"2017-08-25T16:09:41","guid":{"rendered":"https:\/\/www.futboltotal.com.mx\/?p=496143"},"modified":"2017-08-25T11:09:41","modified_gmt":"2017-08-25T16:09:41","slug":"lucas-zelarayan-inscrito-san-lorenzo-el-torneo-2017-2018","status":"publish","type":"post","link":"http:\/\/desarrollo.grupomedios.com\/futbol\/futbol-mexicano\/lucas-zelarayan-inscrito-san-lorenzo-el-torneo-2017-2018\/2017\/08","title":{"rendered":"Lucas Zelaray\u00e1n, inscrito con San Lorenzo para el torneo 2017-2018"},"content":{"rendered":"<p>El futbolista argentino,\u00a0<strong>Lucas Zelaray\u00e1n,\u00a0<\/strong>actual futbolista de <strong>Tigres<\/strong>, apareci\u00f3 en la lista de futbolistas inscritos para la campa\u00f1a 2017-2018 con<strong>\u00a0San Lorenzo de Almagro.<\/strong><\/p>\n<p>Medios como <em>TyC Sports<\/em> en Argentina indicaron que el <strong>Cicl\u00f3n<\/strong> estaba en busca del argentino para la nueva temporada que comenzar\u00e1 a partir de este s\u00e1bado.<\/p>\n<p style=\"text-align: center;\"><span style=\"color: #333399;\"><a style=\"color: #333399;\" href=\"https:\/\/www.futboltotal.com.mx\/2017\/08\/barcelona-anuncia-fichaje-frances-ousmane-dembele\/\" target=\"_blank\" rel=\"noopener noreferrer\">VER M\u00c1S: Barcelona hace oficial el fichaje de Demb\u00e9l\u00e9<\/a><\/span><\/p>\n<p>El club de San Lorenzo inscribi\u00f3 a Zelaray\u00e1n, esperando que Tigres acepte la oferta que han hecho sobre el futbolista argentino, de acuerdo con el <em>diario R\u00e9cord<\/em>.<\/p>\n<p>Esta inscripci\u00f3n se present\u00f3 horas antes que el mercado de fichajes cierre en el futbol de Argentina.<\/p>\n<p style=\"text-align: center;\"><span style=\"color: #333399;\"><a style=\"color: #333399;\" href=\"https:\/\/www.futboltotal.com.mx\/2017\/08\/memo-vazquez-las-puertas-cerradas-en-pumas\/\" target=\"_blank\" rel=\"noopener noreferrer\">VER M\u00c1S: Memo V\u00e1zquez tiene las puertas cerradas en Pumas<\/a><\/span><\/p>\n<p>&nbsp;<\/p>\n","protected":false},"excerpt":{"rendered":"<p>El mediocampista de Tigres podr\u00eda emigrar al futbol de su pa\u00eds<\/p>\n","protected":false},"author":20,"featured_media":486653,"comment_status":"closed","ping_status":"closed","sticky":false,"template":"","format":"standard","meta":[],"categories":[2198,3845],"tags":[8357,64,8084,5973],"_links":{"self":[{"href":"http:\/\/desarrollo.grupomedios.com\/futbol\/wp-json\/wp\/v2\/posts\/496143"}],"collection":[{"href":"http:\/\/desarrollo.grupomedios.com\/futbol\/wp-json\/wp\/v2\/posts"}],"about":[{"href":"http:\/\/desarrollo.grupomedios.com\/futbol\/wp-json\/wp\/v2\/types\/post"}],"author":[{"embeddable":true,"href":"http:\/\/desarrollo.grupomedios.com\/futbol\/wp-json\/wp\/v2\/users\/20"}],"replies":[{"embeddable":true,"href":"http:\/\/desarrollo.grupomedios.com\/futbol\/wp-json\/wp\/v2\/comments?post=496143"}],"version-history":[{"count":1,"href":"http:\/\/desarrollo.grupomedios.com\/futbol\/wp-json\/wp\/v2\/posts\/496143\/revisions"}],"predecessor-version":[{"id":496145,"href":"http:\/\/desarrollo.grupomedios.com\/futbol\/wp-json\/wp\/v2\/posts\/496143\/revisions\/496145"}],"wp:featuredmedia":[{"embeddable":true,"href":"http:\/\/desarrollo.grupomedios.com\/futbol\/wp-json\/wp\/v2\/media\/486653"}],"wp:attachment":[{"href":"http:\/\/desarrollo.grupomedios.com\/futbol\/wp-json\/wp\/v2\/media?parent=496143"}],"wp:term":[{"taxonomy":"category","embeddable":true,"href":"http:\/\/desarrollo.grupomedios.com\/futbol\/wp-json\/wp\/v2\/categories?post=496143"},{"taxonomy":"post_tag","embeddable":true,"href":"http:\/\/desarrollo.grupomedios.com\/futbol\/wp-json\/wp\/v2\/tags?post=496143"}],"curies":[{"name":"wp","href":"https:\/\/api.w.org\/{rel}","templated":true}]}}