{"id":496159,"date":"2017-08-25T12:43:29","date_gmt":"2017-08-25T17:43:29","guid":{"rendered":"https:\/\/www.futboltotal.com.mx\/?p=496159"},"modified":"2017-08-25T12:43:29","modified_gmt":"2017-08-25T17:43:29","slug":"peyton-manning-visitara-mexico-el-1-de-septiembre","status":"publish","type":"post","link":"http:\/\/desarrollo.grupomedios.com\/futbol\/otros-deportes\/peyton-manning-visitara-mexico-el-1-de-septiembre\/2017\/08","title":{"rendered":"Peyton Manning visitar\u00e1 M\u00e9xico el 1 de septiembre"},"content":{"rendered":"<p>El ex Quarterback de los Colts y Broncos, Peyton Manning estar\u00e1 en M\u00e9xico el pr\u00f3ximo 1 de septiembre para realizar una charla.<\/p>\n<p style=\"text-align: center;\"><span style=\"color: #333399;\"><a style=\"color: #333399;\" href=\"https:\/\/www.futboltotal.com.mx\/2017\/08\/floyd-mayweather-le-tiene-miedo-a-los-mexicanos-lo-dice-mcgregor\/\" target=\"_blank\" rel=\"noopener noreferrer\">VER M\u00c1S: \u00bfFloyd Mayweather le tiene\u00a0miedo a los mexicanos?<\/a><\/span><\/p>\n<p>El evento realizado por Fundaci\u00f3n Telmex llamado &#8220;M\u00e9xico Siglo XXI&#8221;, en el que becarios de la empresa interact\u00faan con personalidades de talla internacional, quienes comparten las experiencias que han adquirido.<\/p>\n<blockquote class=\"twitter-video\" data-lang=\"es\">\n<p dir=\"ltr\" lang=\"es\">El 5 veces nombrado MVP en la NFL, Peyton Manning, nos acompa\u00f1ar\u00e1 este 1\u00ba de septiembre en <a href=\"https:\/\/twitter.com\/hashtag\/MSXXI?src=hash\">#MSXXI<\/a> &#x1f3c8; <a href=\"https:\/\/t.co\/sfCF3kgZLt\">pic.twitter.com\/sfCF3kgZLt<\/a><\/p>\n<p>\u2014 Fund Telmex Telcel (@fundaciontelmex) <a href=\"https:\/\/twitter.com\/fundaciontelmex\/status\/901134038953451520\">25 de agosto de 2017<\/a><\/p><\/blockquote>\n<p><script async src=\"\/\/platform.twitter.com\/widgets.js\" charset=\"utf-8\"><\/script><\/p>\n<p>Con Manning, se complet\u00f3 la lista de conferencistas para este a\u00f1o; donde estar\u00e1 Eric<strong> Schmidt<\/strong>, presidente ejecutivo de Alphabet, ex presidente de la Rep\u00fablica Francesa,\u00a0<strong>Nicolas Sarkozy<\/strong>, y\u00a0<strong>Pitbull.<\/strong><\/p>\n<p style=\"text-align: center;\"><span style=\"color: #333399;\"><a style=\"color: #333399;\" href=\"https:\/\/www.futboltotal.com.mx\/2017\/08\/barcelona-anuncia-fichaje-frances-ousmane-dembele\/\" target=\"_blank\" rel=\"noopener noreferrer\">VER M\u00c1S: Barcelona hace oficial la llegada de Demb\u00e9l\u00e9<\/a><\/span><\/p>\n","protected":false},"excerpt":{"rendered":"<p>El famoso ex Quarterback estar\u00e1 en M\u00e9xico<\/p>\n","protected":false},"author":20,"featured_media":496161,"comment_status":"closed","ping_status":"closed","sticky":false,"template":"","format":"standard","meta":[],"categories":[6411],"tags":[6753,9918,4395,6867,9919],"_links":{"self":[{"href":"http:\/\/desarrollo.grupomedios.com\/futbol\/wp-json\/wp\/v2\/posts\/496159"}],"collection":[{"href":"http:\/\/desarrollo.grupomedios.com\/futbol\/wp-json\/wp\/v2\/posts"}],"about":[{"href":"http:\/\/desarrollo.grupomedios.com\/futbol\/wp-json\/wp\/v2\/types\/post"}],"author":[{"embeddable":true,"href":"http:\/\/desarrollo.grupomedios.com\/futbol\/wp-json\/wp\/v2\/users\/20"}],"replies":[{"embeddable":true,"href":"http:\/\/desarrollo.grupomedios.com\/futbol\/wp-json\/wp\/v2\/comments?post=496159"}],"version-history":[{"count":2,"href":"http:\/\/desarrollo.grupomedios.com\/futbol\/wp-json\/wp\/v2\/posts\/496159\/revisions"}],"predecessor-version":[{"id":496162,"href":"http:\/\/desarrollo.grupomedios.com\/futbol\/wp-json\/wp\/v2\/posts\/496159\/revisions\/496162"}],"wp:featuredmedia":[{"embeddable":true,"href":"http:\/\/desarrollo.grupomedios.com\/futbol\/wp-json\/wp\/v2\/media\/496161"}],"wp:attachment":[{"href":"http:\/\/desarrollo.grupomedios.com\/futbol\/wp-json\/wp\/v2\/media?parent=496159"}],"wp:term":[{"taxonomy":"category","embeddable":true,"href":"http:\/\/desarrollo.grupomedios.com\/futbol\/wp-json\/wp\/v2\/categories?post=496159"},{"taxonomy":"post_tag","embeddable":true,"href":"http:\/\/desarrollo.grupomedios.com\/futbol\/wp-json\/wp\/v2\/tags?post=496159"}],"curies":[{"name":"wp","href":"https:\/\/api.w.org\/{rel}","templated":true}]}}