{"id":496170,"date":"2017-08-25T13:51:10","date_gmt":"2017-08-25T18:51:10","guid":{"rendered":"https:\/\/www.futboltotal.com.mx\/?p=496170"},"modified":"2017-08-25T13:51:10","modified_gmt":"2017-08-25T18:51:10","slug":"se-acerca-dia-tener-una-probadita-del-pes-2018","status":"publish","type":"post","link":"http:\/\/desarrollo.grupomedios.com\/futbol\/pes-2018\/se-acerca-dia-tener-una-probadita-del-pes-2018\/2017\/08","title":{"rendered":"Se acerca el d\u00eda de tener una probadita del PES 2018"},"content":{"rendered":"<p>La empresa Konami confirm\u00f3 que el 30 de agosto estar\u00e1 disponible para descargar el demo del <strong>PES 2018,<\/strong> para que los fans puedan disfrutar de un avance de las nuevas funciones, modos y experiencia que ofrece esta nueva versi\u00f3n del juego, cuyo lanzamiento oficial est\u00e1 previsto para el 12 de septiembre.<\/p>\n<p>Tal y como ocurri\u00f3 durante el <strong>PES 2018<\/strong> World Tour, los gamers podr\u00e1n conocer la nueva versi\u00f3n de este popular juego de videojuego durante el <em>Gamescom<\/em>, que se efect\u00faa Colonia, Alemania, evento en el que Pierre-Emerick Aubameyang y Marco Reus, figuras del Borussia Dortmund, se enfrentaron en un mano a mano para demostrar sus habilidades en el <strong>PES 2018<\/strong>.<\/p>\n<p>https:\/\/twitter.com\/officialpes\/status\/900385801053274113<\/p>\n<p style=\"text-align: center;\"><a href=\"https:\/\/www.futboltotal.com.mx\/2017\/08\/barcelona-anuncia-fichaje-frances-ousmane-dembele\/\"><span style=\"color: #3366ff;\">VER M\u00c1S:\u00a0Barcelona anuncia el fichaje del franc\u00e9s Ousmane Demb\u00e9l\u00e9<\/span><\/a><\/p>\n<p>El demo de\u00a0esta joya de Konami estar\u00e1 disponible para su descarga en\u00a0PlayStation 4, PlayStation 3, Xbox One y Xbox 360, en el cual los <em>gamers<\/em> podr\u00e1n jugar en los modos de exhibici\u00f3n y cooperativo. Habr\u00e1 dos estadios para elegir: el Camp Nou del Barcelona y el Signal Iduna Park del Borussia Dortmund.<\/p>\n<p>Se dispondr\u00e1 de una selecci\u00f3n de equipos de \u00e9lite, que incluye a gigantes de Europa como Liverpool, Barcelona, Borussia Dortmund e Inter de Mil\u00e1n; de Sudam\u00e9rica, como Corinthians, Flamengo, Boca Juniors, River Plate y Colo-Colo. Tambi\u00e9n se podr\u00e1 elegir a selecciones como Brasil, Argentina y Alemania.<\/p>\n<p style=\"text-align: center;\"><a href=\"https:\/\/www.futboltotal.com.mx\/2017\/08\/psv-prepara-despedida-andres-guardado-hector-moreno\/\"><span style=\"color: #3366ff;\">VER M\u00c1S:\u00a0PSV prepara despedida para Andr\u00e9s Guardado y H\u00e9ctor Moreno<\/span><\/a><\/p>\n<p style=\"text-align: center;\"><span style=\"color: #993300;\"><a style=\"color: #993300;\" href=\"https:\/\/twitter.com\/MXFutbolTotal\">@MXFutbolTotal<\/a><\/span><\/p>\n","protected":false},"excerpt":{"rendered":"<p>El juego tentativamente saldr\u00e1 a la venta el 12 de septiembre.<\/p>\n","protected":false},"author":20,"featured_media":496177,"comment_status":"closed","ping_status":"closed","sticky":false,"template":"","format":"standard","meta":[],"categories":[9707],"tags":[6095,8161],"_links":{"self":[{"href":"http:\/\/desarrollo.grupomedios.com\/futbol\/wp-json\/wp\/v2\/posts\/496170"}],"collection":[{"href":"http:\/\/desarrollo.grupomedios.com\/futbol\/wp-json\/wp\/v2\/posts"}],"about":[{"href":"http:\/\/desarrollo.grupomedios.com\/futbol\/wp-json\/wp\/v2\/types\/post"}],"author":[{"embeddable":true,"href":"http:\/\/desarrollo.grupomedios.com\/futbol\/wp-json\/wp\/v2\/users\/20"}],"replies":[{"embeddable":true,"href":"http:\/\/desarrollo.grupomedios.com\/futbol\/wp-json\/wp\/v2\/comments?post=496170"}],"version-history":[{"count":3,"href":"http:\/\/desarrollo.grupomedios.com\/futbol\/wp-json\/wp\/v2\/posts\/496170\/revisions"}],"predecessor-version":[{"id":496180,"href":"http:\/\/desarrollo.grupomedios.com\/futbol\/wp-json\/wp\/v2\/posts\/496170\/revisions\/496180"}],"wp:featuredmedia":[{"embeddable":true,"href":"http:\/\/desarrollo.grupomedios.com\/futbol\/wp-json\/wp\/v2\/media\/496177"}],"wp:attachment":[{"href":"http:\/\/desarrollo.grupomedios.com\/futbol\/wp-json\/wp\/v2\/media?parent=496170"}],"wp:term":[{"taxonomy":"category","embeddable":true,"href":"http:\/\/desarrollo.grupomedios.com\/futbol\/wp-json\/wp\/v2\/categories?post=496170"},{"taxonomy":"post_tag","embeddable":true,"href":"http:\/\/desarrollo.grupomedios.com\/futbol\/wp-json\/wp\/v2\/tags?post=496170"}],"curies":[{"name":"wp","href":"https:\/\/api.w.org\/{rel}","templated":true}]}}