{"id":496171,"date":"2017-08-25T13:41:58","date_gmt":"2017-08-25T18:41:58","guid":{"rendered":"https:\/\/www.futboltotal.com.mx\/?p=496171"},"modified":"2017-08-25T13:41:58","modified_gmt":"2017-08-25T18:41:58","slug":"jugador-recibe-patada-le-provoca-traumatismo-craneo-facial","status":"publish","type":"post","link":"http:\/\/desarrollo.grupomedios.com\/futbol\/futbol-internacional\/jugador-recibe-patada-le-provoca-traumatismo-craneo-facial\/2017\/08","title":{"rendered":"Jugador recibe patada que le provoca traumatismo cr\u00e1neo facial"},"content":{"rendered":"<p>Un jugador chileno del\u00a0Antofagasta recibi\u00f3 una patada en el rostro que le provoc\u00f3 fracturas dejando im\u00e1genes impactantes.<\/p>\n<p>Se enfrentaban\u00a0<strong>San Marcos de Arica y Deportes Antofagasta<\/strong> por los octavos de final en la Copa de Chile cuando el volante Mat\u00edas Campos L\u00f3pez, pate\u00f3 de forma violenta<strong>\u00a0Sebasti\u00e1n Villegas<\/strong>.<\/p>\n<p style=\"text-align: center;\"><span style=\"color: #333399;\"><a style=\"color: #333399;\" href=\"https:\/\/www.futboltotal.com.mx\/2017\/08\/porto-rechazo-una-oferta-del-lyon-miguel-layun\/\" target=\"_blank\" rel=\"noopener noreferrer\">VER M\u00c1S: Porto rechaza oferta del Lyon por Miguel Lay\u00fan<\/a><\/span><\/p>\n<p><iframe loading=\"lazy\" src=\"https:\/\/www.youtube.com\/embed\/12QCXSeO_q0?start=39&#038;feature=oembed\" frameborder=\"0\" allowfullscreen><\/iframe><\/p>\n<p>El equipo lanz\u00f3 un comunicado donde indica que el jugador sufri\u00f3 un\u00a0<strong>\u201ctraumatismo cr\u00e1neo facial<\/strong> directo, culmin\u00f3 con fracturas faciales, por lo que est\u00e1 internado en el hospital de Arica, cuyo cuadro cl\u00ednico es estable\u201d.<\/p>\n<blockquote class=\"twitter-tweet\" data-lang=\"es\">\n<p dir=\"ltr\" lang=\"es\">Comunicado sobre el estado de <a href=\"https:\/\/twitter.com\/SVillegasjara\">@SVillegasjara<\/a><a href=\"https:\/\/twitter.com\/hashtag\/FuerzaSeba?src=hash\">#FuerzaSeba<\/a> <a href=\"https:\/\/twitter.com\/hashtag\/VamosPumas?src=hash\">#VamosPumas<\/a> &#x1f4aa; <a href=\"https:\/\/t.co\/sqz9llD1jF\">pic.twitter.com\/sqz9llD1jF<\/a><\/p>\n<p>\u2014 C.D.Antofagasta (@ClubAntofagasta) <a href=\"https:\/\/twitter.com\/ClubAntofagasta\/status\/900706725430480896\">24 de agosto de 2017<\/a><\/p><\/blockquote>\n<p><script async src=\"\/\/platform.twitter.com\/widgets.js\" charset=\"utf-8\"><\/script><\/p>\n<p style=\"text-align: center;\"><span style=\"color: #333399;\"><a style=\"color: #333399;\" href=\"https:\/\/www.futboltotal.com.mx\/2017\/08\/ex-idolo-cruz-azul-consigue-equipo-medio-facebook\/\" target=\"_blank\" rel=\"noopener noreferrer\">VER M\u00c1S: Ex \u00eddolo de Cruz Azul consigue trabajo a trav\u00e9s de Facebook<\/a><\/span><\/p>\n","protected":false},"excerpt":{"rendered":"<p>Un momento escalofriante se vivi\u00f3 en el futbol chileno<\/p>\n","protected":false},"author":20,"featured_media":496173,"comment_status":"closed","ping_status":"closed","sticky":false,"template":"","format":"standard","meta":[],"categories":[3839],"tags":[406,9922,9921,9923],"_links":{"self":[{"href":"http:\/\/desarrollo.grupomedios.com\/futbol\/wp-json\/wp\/v2\/posts\/496171"}],"collection":[{"href":"http:\/\/desarrollo.grupomedios.com\/futbol\/wp-json\/wp\/v2\/posts"}],"about":[{"href":"http:\/\/desarrollo.grupomedios.com\/futbol\/wp-json\/wp\/v2\/types\/post"}],"author":[{"embeddable":true,"href":"http:\/\/desarrollo.grupomedios.com\/futbol\/wp-json\/wp\/v2\/users\/20"}],"replies":[{"embeddable":true,"href":"http:\/\/desarrollo.grupomedios.com\/futbol\/wp-json\/wp\/v2\/comments?post=496171"}],"version-history":[{"count":1,"href":"http:\/\/desarrollo.grupomedios.com\/futbol\/wp-json\/wp\/v2\/posts\/496171\/revisions"}],"predecessor-version":[{"id":496174,"href":"http:\/\/desarrollo.grupomedios.com\/futbol\/wp-json\/wp\/v2\/posts\/496171\/revisions\/496174"}],"wp:featuredmedia":[{"embeddable":true,"href":"http:\/\/desarrollo.grupomedios.com\/futbol\/wp-json\/wp\/v2\/media\/496173"}],"wp:attachment":[{"href":"http:\/\/desarrollo.grupomedios.com\/futbol\/wp-json\/wp\/v2\/media?parent=496171"}],"wp:term":[{"taxonomy":"category","embeddable":true,"href":"http:\/\/desarrollo.grupomedios.com\/futbol\/wp-json\/wp\/v2\/categories?post=496171"},{"taxonomy":"post_tag","embeddable":true,"href":"http:\/\/desarrollo.grupomedios.com\/futbol\/wp-json\/wp\/v2\/tags?post=496171"}],"curies":[{"name":"wp","href":"https:\/\/api.w.org\/{rel}","templated":true}]}}