{"id":496201,"date":"2017-08-25T15:12:24","date_gmt":"2017-08-25T20:12:24","guid":{"rendered":"https:\/\/www.futboltotal.com.mx\/?p=496201"},"modified":"2017-08-25T15:12:24","modified_gmt":"2017-08-25T20:12:24","slug":"checo-perez-homenajea-a-ivan-zamorano","status":"publish","type":"post","link":"http:\/\/desarrollo.grupomedios.com\/futbol\/cambio-de-juego\/checo-perez-homenajea-a-ivan-zamorano\/2017\/08","title":{"rendered":"Checo P\u00e9rez homenajea a Iv\u00e1n Zamorano"},"content":{"rendered":"<p><strong>Iv\u00e1n Zamorano<\/strong> fue un gran \u00eddolo de las <strong>\u00c1guilas del Am\u00e9rica<\/strong> y su influencia no s\u00f3lo lleg\u00f3 a los amantes del balompi\u00e9, pues <strong>Checo P\u00e9rez<\/strong>, piloto de<strong> F\u00f3rmula 1<\/strong> le rinde homenaje a su estilo.<\/p>\n<blockquote><p>&#8220;Soy seguidor del Am\u00e9rica y cuando Bam-Bam lleg\u00f3 al equipo me gustaba mucho como jugaba, los goles que hac\u00eda. Entonces\u00a0le tom\u00e9 mucho cari\u00f1o y como \u00e9l jugaba con la 11 a partir de ah\u00ed comenc\u00e9 a correr con ese n\u00famero&#8221;,\u00a0declar\u00f3 para <em>AS M\u00e9xico<\/em>.<\/p><\/blockquote>\n<p style=\"text-align: center;\"><span style=\"color: #333399;\"><a style=\"color: #333399;\" href=\"https:\/\/www.futboltotal.com.mx\/2017\/08\/ex-idolo-cruz-azul-consigue-equipo-medio-facebook\/\" target=\"_blank\" rel=\"noopener noreferrer\">VER M\u00c1S: Ex \u00eddolo de Cruz Azul consigue trabajo por Facebook<\/a><\/span><\/p>\n<p>El <strong>Bam-Bam<\/strong> estuvo con los azulcremas entre 2001-2002 y anot\u00f3 <strong>38 goles<\/strong> y gan\u00f3 un t\u00edtulo. Poco despu\u00e9s de su llegada cambi\u00f3 al dorsal &#8216;9&#8217;. Checo habl\u00f3 sobre las cualidades del jugador.<\/p>\n<p>&#8220;No hab\u00eda bal\u00f3n que se le fuera, iba por todas.\u00a0Eso es lo que admiraba, su determinaci\u00f3n y buena disposici\u00f3n en la cancha<strong>.<\/strong>\u00a0Es de los primeros jugadores que recuerdo&#8221;,\u00a0expres\u00f3 el piloto.<\/p>\n<p style=\"text-align: center;\"><span style=\"color: #333399;\"><a style=\"color: #333399;\" href=\"https:\/\/www.futboltotal.com.mx\/2017\/08\/la-liga-mx-sufre-una-invasion-europea\/\" target=\"_blank\" rel=\"noopener noreferrer\">VER M\u00c1S: Liga MX sufre &#8216;invasi\u00f3n&#8217; europea<\/a><\/span><\/p>\n<p>&nbsp;<\/p>\n","protected":false},"excerpt":{"rendered":"<p>El piloto es un fan\u00e1tico del ex delantero chileno<\/p>\n","protected":false},"author":20,"featured_media":496204,"comment_status":"closed","ping_status":"closed","sticky":false,"template":"","format":"standard","meta":[],"categories":[5419],"tags":[5959,5480,760],"_links":{"self":[{"href":"http:\/\/desarrollo.grupomedios.com\/futbol\/wp-json\/wp\/v2\/posts\/496201"}],"collection":[{"href":"http:\/\/desarrollo.grupomedios.com\/futbol\/wp-json\/wp\/v2\/posts"}],"about":[{"href":"http:\/\/desarrollo.grupomedios.com\/futbol\/wp-json\/wp\/v2\/types\/post"}],"author":[{"embeddable":true,"href":"http:\/\/desarrollo.grupomedios.com\/futbol\/wp-json\/wp\/v2\/users\/20"}],"replies":[{"embeddable":true,"href":"http:\/\/desarrollo.grupomedios.com\/futbol\/wp-json\/wp\/v2\/comments?post=496201"}],"version-history":[{"count":2,"href":"http:\/\/desarrollo.grupomedios.com\/futbol\/wp-json\/wp\/v2\/posts\/496201\/revisions"}],"predecessor-version":[{"id":496208,"href":"http:\/\/desarrollo.grupomedios.com\/futbol\/wp-json\/wp\/v2\/posts\/496201\/revisions\/496208"}],"wp:featuredmedia":[{"embeddable":true,"href":"http:\/\/desarrollo.grupomedios.com\/futbol\/wp-json\/wp\/v2\/media\/496204"}],"wp:attachment":[{"href":"http:\/\/desarrollo.grupomedios.com\/futbol\/wp-json\/wp\/v2\/media?parent=496201"}],"wp:term":[{"taxonomy":"category","embeddable":true,"href":"http:\/\/desarrollo.grupomedios.com\/futbol\/wp-json\/wp\/v2\/categories?post=496201"},{"taxonomy":"post_tag","embeddable":true,"href":"http:\/\/desarrollo.grupomedios.com\/futbol\/wp-json\/wp\/v2\/tags?post=496201"}],"curies":[{"name":"wp","href":"https:\/\/api.w.org\/{rel}","templated":true}]}}