{"id":496216,"date":"2017-08-25T15:53:02","date_gmt":"2017-08-25T20:53:02","guid":{"rendered":"https:\/\/www.futboltotal.com.mx\/?p=496216"},"modified":"2017-08-25T15:53:02","modified_gmt":"2017-08-25T20:53:02","slug":"carlos-vela-juega-en-goleada-la-real-sociedad","status":"publish","type":"post","link":"http:\/\/desarrollo.grupomedios.com\/futbol\/futbol-internacional\/carlos-vela-juega-en-goleada-la-real-sociedad\/2017\/08","title":{"rendered":"Carlos Vela juega en goleada de la Real Sociedad"},"content":{"rendered":"<p><strong>Carlos Vela<\/strong> entr\u00f3 de cambio en el triunfo de la <strong>Real Sociedad<\/strong> por 3-0 sobre el <strong>Villarreal<\/strong> en la Jornada 2 de la Liga espa\u00f1ola.<\/p>\n<p>La Real sali\u00f3 al campo con convicci\u00f3n, dispuesta a llevar la iniciativa y a arrinconar a un Villarreal en el que no se vio nada de su incorporaci\u00f3n estrella, el colombiano Carlos Bacca.<\/p>\n<p style=\"text-align: center;\"><span style=\"color: #333399;\"><a style=\"color: #333399;\" href=\"https:\/\/www.futboltotal.com.mx\/2017\/08\/chucky-lozano-puede-romper-record-ronaldo\/\">VER M\u00c1S:\u00a0<span class=\"item-title\">\u00a1Chucky Lozano puede romper un r\u00e9cord de Ronaldo!<\/span><\/a><\/span><\/p>\n<p style=\"text-align: left;\">La ya constante presencia de los realistas en los dominios de Andr\u00e9s Fern\u00e1ndez acab\u00f3 materializ\u00e1ndose, en el minuto 24, en el primer tanto, en el que el brasile\u00f1o Wilian Jos\u00e9 remat\u00f3 dos veces un c\u00f3rner botado por Mikel Oyarzabal.<\/p>\n<p>A partir de ah\u00ed, la Real se hizo due\u00f1a del partido, se qued\u00f3 el bal\u00f3n y decidi\u00f3 lanzarse a por la victoria, hasta que 10 minutos despu\u00e9s, Xabi Prieto mand\u00f3 a la red un bal\u00f3n suelto en el \u00e1rea gracias a la permisividad de los centrales amarillos.<\/p>\n<p style=\"text-align: center;\"><span style=\"color: #333399;\"><a style=\"color: #333399;\" href=\"https:\/\/www.futboltotal.com.mx\/2017\/08\/checo-perez-homenajea-a-ivan-zamorano\/\">VER M\u00c1S:\u00a0<span class=\"item-title\">Checo P\u00e9rez homenajea a Iv\u00e1n Zamorano<\/span><\/a><\/span><\/p>\n<p style=\"text-align: left;\">Con la grada encantada, la fiesta lleg\u00f3 a su punto culminante al borde del descanso, cuando Aritz sac\u00f3 r\u00e1pidamente una falta desde su campo para el desmarque de Juanmi Jim\u00e9nez, que hizo un control y una vaselina de museo para hacer el tercer gol, en una jugada en la que Andr\u00e9s Fern\u00e1ndez acab\u00f3 lesionado.<\/p>\n","protected":false},"excerpt":{"rendered":"<p>El futbolista mexicano fue parte del triunfo de los de San Sebasti\u00e1n<\/p>\n","protected":false},"author":144,"featured_media":496217,"comment_status":"closed","ping_status":"closed","sticky":false,"template":"","format":"standard","meta":[],"categories":[3839,3844],"tags":[6048,102,2607],"_links":{"self":[{"href":"http:\/\/desarrollo.grupomedios.com\/futbol\/wp-json\/wp\/v2\/posts\/496216"}],"collection":[{"href":"http:\/\/desarrollo.grupomedios.com\/futbol\/wp-json\/wp\/v2\/posts"}],"about":[{"href":"http:\/\/desarrollo.grupomedios.com\/futbol\/wp-json\/wp\/v2\/types\/post"}],"author":[{"embeddable":true,"href":"http:\/\/desarrollo.grupomedios.com\/futbol\/wp-json\/wp\/v2\/users\/144"}],"replies":[{"embeddable":true,"href":"http:\/\/desarrollo.grupomedios.com\/futbol\/wp-json\/wp\/v2\/comments?post=496216"}],"version-history":[{"count":1,"href":"http:\/\/desarrollo.grupomedios.com\/futbol\/wp-json\/wp\/v2\/posts\/496216\/revisions"}],"predecessor-version":[{"id":496218,"href":"http:\/\/desarrollo.grupomedios.com\/futbol\/wp-json\/wp\/v2\/posts\/496216\/revisions\/496218"}],"wp:featuredmedia":[{"embeddable":true,"href":"http:\/\/desarrollo.grupomedios.com\/futbol\/wp-json\/wp\/v2\/media\/496217"}],"wp:attachment":[{"href":"http:\/\/desarrollo.grupomedios.com\/futbol\/wp-json\/wp\/v2\/media?parent=496216"}],"wp:term":[{"taxonomy":"category","embeddable":true,"href":"http:\/\/desarrollo.grupomedios.com\/futbol\/wp-json\/wp\/v2\/categories?post=496216"},{"taxonomy":"post_tag","embeddable":true,"href":"http:\/\/desarrollo.grupomedios.com\/futbol\/wp-json\/wp\/v2\/tags?post=496216"}],"curies":[{"name":"wp","href":"https:\/\/api.w.org\/{rel}","templated":true}]}}