{"id":496327,"date":"2017-08-26T11:42:22","date_gmt":"2017-08-26T16:42:22","guid":{"rendered":"https:\/\/www.futboltotal.com.mx\/?p=496327"},"modified":"2017-08-26T11:42:22","modified_gmt":"2017-08-26T16:42:22","slug":"marco-fabian-podria-regresar-este-mismo-ano","status":"publish","type":"post","link":"http:\/\/desarrollo.grupomedios.com\/futbol\/futbol-mexicano\/marco-fabian-podria-regresar-este-mismo-ano\/2017\/08","title":{"rendered":"Marco Fabi\u00e1n podr\u00eda regresar este mismo a\u00f1o"},"content":{"rendered":"<p><b>Michael Dittmar,\u00a0<\/b>doctor que oper\u00f3 a <strong>Marco Fabi\u00e1n<\/strong> se mostr\u00f3 optimista por la recuperaci\u00f3n del mediocampista mexicano.<\/p>\n<p>\u201cCreo que depender\u00e1 de c\u00f3mo evoluciona la rehabilitaci\u00f3n que le den, va a ser lo m\u00e1s importante, las tres primeras semanas ser\u00e1n primordiales para ver c\u00f3mo va evolucionando y c\u00f3mo se va sintiendo\u201d,\u00a0indic\u00f3 para <em>Mediotiempo<\/em>.<\/p>\n<blockquote><p>\u201cNo creo que sea hasta el pr\u00f3ximo a\u00f1o, pero la verdad es que quiero ver c\u00f3mo reacciona finalmente al final de la cirug\u00eda, c\u00f3mo va saliendo de la rehabilitaci\u00f3n\u201d, expres\u00f3.<\/p><\/blockquote>\n<p style=\"text-align: center;\"><span style=\"color: #333399;\"><a style=\"color: #333399;\" href=\"https:\/\/www.futboltotal.com.mx\/2017\/08\/hermano-dario-veron-sera-parte-pumas\/\" target=\"_blank\" rel=\"noopener noreferrer\">VER M\u00c1S: Hermano de Dar\u00edo Ver\u00f3n ser\u00e1 parte de Pumas<\/a><\/span><\/p>\n<p>Las recomendaciones hechas por el m\u00e9dico son con miras a que est\u00e9 en las canchas antes de lo previsto y no sea hasta principios de 2018 que regrese, como se hab\u00eda estipulado.<\/p>\n<p>\u201cMi recomendaci\u00f3n\u00a0fue que le dieran m\u00e1s terapia analg\u00e9sica, menos carga sobre la columna y esperar que cicatrizara por lo menos tres semanas\u201d, dijo.<\/p>\n<p style=\"text-align: center;\"><span style=\"color: #333399;\"><a style=\"color: #333399;\" href=\"https:\/\/www.futboltotal.com.mx\/2017\/08\/necesita-tri-calificar-a-rusia-ante-panama\/\" target=\"_blank\" rel=\"noopener noreferrer\">VER M\u00c1S: \u00bfQu\u00e9 necesita el Tri para calificar al Mundial ante Panam\u00e1?<\/a><\/span><\/p>\n<p>&nbsp;<\/p>\n<div class=\"adunit Box, fluid HB - MT \" data-list-position=\"\"><\/div>\n","protected":false},"excerpt":{"rendered":"<p>El mexicano fue operado hace una semana<\/p>\n","protected":false},"author":20,"featured_media":494445,"comment_status":"closed","ping_status":"closed","sticky":false,"template":"","format":"standard","meta":[],"categories":[3839,2198],"tags":[8482,131],"_links":{"self":[{"href":"http:\/\/desarrollo.grupomedios.com\/futbol\/wp-json\/wp\/v2\/posts\/496327"}],"collection":[{"href":"http:\/\/desarrollo.grupomedios.com\/futbol\/wp-json\/wp\/v2\/posts"}],"about":[{"href":"http:\/\/desarrollo.grupomedios.com\/futbol\/wp-json\/wp\/v2\/types\/post"}],"author":[{"embeddable":true,"href":"http:\/\/desarrollo.grupomedios.com\/futbol\/wp-json\/wp\/v2\/users\/20"}],"replies":[{"embeddable":true,"href":"http:\/\/desarrollo.grupomedios.com\/futbol\/wp-json\/wp\/v2\/comments?post=496327"}],"version-history":[{"count":1,"href":"http:\/\/desarrollo.grupomedios.com\/futbol\/wp-json\/wp\/v2\/posts\/496327\/revisions"}],"predecessor-version":[{"id":496328,"href":"http:\/\/desarrollo.grupomedios.com\/futbol\/wp-json\/wp\/v2\/posts\/496327\/revisions\/496328"}],"wp:featuredmedia":[{"embeddable":true,"href":"http:\/\/desarrollo.grupomedios.com\/futbol\/wp-json\/wp\/v2\/media\/494445"}],"wp:attachment":[{"href":"http:\/\/desarrollo.grupomedios.com\/futbol\/wp-json\/wp\/v2\/media?parent=496327"}],"wp:term":[{"taxonomy":"category","embeddable":true,"href":"http:\/\/desarrollo.grupomedios.com\/futbol\/wp-json\/wp\/v2\/categories?post=496327"},{"taxonomy":"post_tag","embeddable":true,"href":"http:\/\/desarrollo.grupomedios.com\/futbol\/wp-json\/wp\/v2\/tags?post=496327"}],"curies":[{"name":"wp","href":"https:\/\/api.w.org\/{rel}","templated":true}]}}