{"id":496329,"date":"2017-08-26T11:55:58","date_gmt":"2017-08-26T16:55:58","guid":{"rendered":"https:\/\/www.futboltotal.com.mx\/?p=496329"},"modified":"2017-08-26T11:55:58","modified_gmt":"2017-08-26T16:55:58","slug":"conor-mcgregor-del-futbol-zlatan-ibrahimovic","status":"publish","type":"post","link":"http:\/\/desarrollo.grupomedios.com\/futbol\/cambio-de-juego\/conor-mcgregor-del-futbol-zlatan-ibrahimovic\/2017\/08","title":{"rendered":"Soy el Conor McGregor del futbol: Zlatan Ibrahimovic"},"content":{"rendered":"<p>El futbolista del<strong> Manchester United<\/strong>, Zlatan Ibrahimovic, se compar\u00f3 con Conor McGregor y apost\u00f3 por el irland\u00e9s en el combate ante Floyd Maywather.<\/p>\n<blockquote><p>&#8220;Conor tiene fuerza y te puede noquear desde cualquier \u00e1ngulo. Y tiene confianza en s\u00ed mismo, como yo. <strong>Es el Ibrahimovic de las artes marciales y yo soy el McGregor del f\u00fatbol<\/strong>. Le veo con mucha confianza y va a ganar&#8221;, expres\u00f3 para la web\u00a0<em>SportBible<\/em>.<\/p><\/blockquote>\n<p style=\"text-align: center;\"><span style=\"color: #333399;\"><a style=\"color: #333399;\" href=\"https:\/\/www.futboltotal.com.mx\/2017\/08\/hermano-dario-veron-sera-parte-pumas\/\" target=\"_blank\" rel=\"noopener noreferrer\">VER M\u00c1S: Hermano de Ver\u00f3n ser\u00e1 parte de Pumas<\/a><\/span><\/p>\n<p>Ibra insisti\u00f3 que el triunfo de McGregor se deber\u00e1 en gran parte a la parte mental e indic\u00f3 que conf\u00eda mucho en \u00e9l.<\/p>\n<blockquote><p>&#8220;Cree mucho en s\u00ed mismo. Adem\u00e1s, como digo yo, <strong>en todo lo que haces la parte mental es el 50 %<\/strong>. Si tienes la cabeza a punto y en tu sitio puedes conseguir lo que quieras.\u00a0Y no podemos olvidar que es muy habilidoso. Conf\u00edo mucho en Conor&#8221;, asegur\u00f3 Ibrahimovic.<\/p><\/blockquote>\n<p style=\"text-align: center;\"><span style=\"color: #333399;\"><a style=\"color: #333399;\" href=\"https:\/\/www.futboltotal.com.mx\/2017\/08\/pumas-pierde-a-nico-castillo-duelo-ante-veracruz\/\" target=\"_blank\" rel=\"noopener noreferrer\">VER M\u00c1S: Pumas pierde a Nico Castillo<\/a><\/span><\/p>\n","protected":false},"excerpt":{"rendered":"<p>Ibra conf\u00eda en el irland\u00e9s para ganar el combate<\/p>\n","protected":false},"author":20,"featured_media":496330,"comment_status":"closed","ping_status":"closed","sticky":false,"template":"","format":"standard","meta":[],"categories":[5419],"tags":[8231,5518,6059],"_links":{"self":[{"href":"http:\/\/desarrollo.grupomedios.com\/futbol\/wp-json\/wp\/v2\/posts\/496329"}],"collection":[{"href":"http:\/\/desarrollo.grupomedios.com\/futbol\/wp-json\/wp\/v2\/posts"}],"about":[{"href":"http:\/\/desarrollo.grupomedios.com\/futbol\/wp-json\/wp\/v2\/types\/post"}],"author":[{"embeddable":true,"href":"http:\/\/desarrollo.grupomedios.com\/futbol\/wp-json\/wp\/v2\/users\/20"}],"replies":[{"embeddable":true,"href":"http:\/\/desarrollo.grupomedios.com\/futbol\/wp-json\/wp\/v2\/comments?post=496329"}],"version-history":[{"count":1,"href":"http:\/\/desarrollo.grupomedios.com\/futbol\/wp-json\/wp\/v2\/posts\/496329\/revisions"}],"predecessor-version":[{"id":496331,"href":"http:\/\/desarrollo.grupomedios.com\/futbol\/wp-json\/wp\/v2\/posts\/496329\/revisions\/496331"}],"wp:featuredmedia":[{"embeddable":true,"href":"http:\/\/desarrollo.grupomedios.com\/futbol\/wp-json\/wp\/v2\/media\/496330"}],"wp:attachment":[{"href":"http:\/\/desarrollo.grupomedios.com\/futbol\/wp-json\/wp\/v2\/media?parent=496329"}],"wp:term":[{"taxonomy":"category","embeddable":true,"href":"http:\/\/desarrollo.grupomedios.com\/futbol\/wp-json\/wp\/v2\/categories?post=496329"},{"taxonomy":"post_tag","embeddable":true,"href":"http:\/\/desarrollo.grupomedios.com\/futbol\/wp-json\/wp\/v2\/tags?post=496329"}],"curies":[{"name":"wp","href":"https:\/\/api.w.org\/{rel}","templated":true}]}}