{"id":496354,"date":"2017-08-26T11:30:47","date_gmt":"2017-08-26T16:30:47","guid":{"rendered":"https:\/\/www.futboltotal.com.mx\/?p=496354"},"modified":"2017-08-26T13:15:07","modified_gmt":"2017-08-26T18:15:07","slug":"floyd-mayweather-espio-entrenamientos-conor-mcgregor","status":"publish","type":"post","link":"http:\/\/desarrollo.grupomedios.com\/futbol\/destacado-home\/floyd-mayweather-espio-entrenamientos-conor-mcgregor\/2017\/08","title":{"rendered":"Floyd Mayweather espi\u00f3 entrenamientos de Conor McGregor"},"content":{"rendered":"<p><strong>Floyd Mayweather <\/strong>tendr\u00eda estudiados todos los movimientos de\u00a0<strong>Conor McGregor,\u00a0<\/strong>pues en un video, el boxeador indica que mand\u00f3 a\u00a0<strong>Paulie Malignaggi<\/strong>, ex campe\u00f3n de la IBF y de la WBA al campamento del irland\u00e9s para espiarlo.<\/p>\n<p>Malignaggi estaba entrenando con el peleador de la <strong>UFC<\/strong>, sin embargo, dej\u00f3 este cargo luego que el presidente de la empresa de artes marciales mixtas comparti\u00f3 dos videos en los que McGregor lo dejaba en la lona;\u00a0&#8220;Fue un empuj\u00f3n durante el guanteo. Sube el video completo del asalto 1 al 12. SIN EDITAR&#8221;,\u00a0escribi\u00f3 Paulie en su cuenta de Twitter.<\/p>\n<p>Por ello,\u00a0<strong>Mayweather\u00a0<\/strong>sali\u00f3 diciendo que\u00a0Malignaggi siempre ha estado de su lado, por lo que tendr\u00eda toda la informaci\u00f3n del peleador de la UFC.<\/p>\n<p style=\"text-align: center;\"><span style=\"color: #333399;\"><a style=\"color: #333399;\" href=\"https:\/\/www.futboltotal.com.mx\/2017\/08\/real-madrid-hackeado-a-lo-barcelona-anuncia-fichaje-messi\/\" target=\"_blank\" rel=\"noopener noreferrer\">VER M\u00c1S: Hackean al Real Madrid y fichan a Lionel Messi<\/a><\/span><\/p>\n<blockquote>\n<p class=\"element element-paragraph\">&#8220;Pauli siempre ha sido mi amigo. \u00bfSaben qu\u00e9? Mi amigo incluso me llam\u00f3 y me dijo: &#8216;Floyd, \u00bfQuieres que vaya al campamento (de Conor)?&#8217;. Yo le dije: &#8216;Claro que s\u00ed&#8217;,\u00a0expres\u00f3 en un video.<\/p>\n<\/blockquote>\n<p class=\"element element-paragraph\">Dicho esto, firm\u00f3 un p\u00f3ster de la pelea para Paulie y puso el n\u00famero 50, que ser\u00eda el n\u00famero de victorias que alcanzar\u00eda de ganar el combate.<\/p>\n<div class=\"row\">\n<div class=\"col-xs-12 col-print-12\">\n<p class=\"element element-paragraph\">&#8220;Esto va a quedar en familia, no te preocupes. Ahora vamos a quedarnos en casa y hablar de &#8216;estrategia&#8217;. Gracias por ir all\u00e1 como te ped\u00ed que lo hicieras&#8221;, declar\u00f3 el p\u00fagil.<\/p>\n<p class=\"element element-paragraph\" style=\"text-align: center;\"><span style=\"color: #333399;\"><a style=\"color: #333399;\" href=\"https:\/\/www.futboltotal.com.mx\/2017\/08\/kun-aguero-pelea-policia-defender-aficionado\/\" target=\"_blank\" rel=\"noopener noreferrer\">VER M\u00c1S: Kun Ag\u00fcero pelea con polic\u00eda para defender a aficionado<\/a><\/span><\/p>\n<\/div>\n<\/div>\n","protected":false},"excerpt":{"rendered":"<p>El combate se dar\u00e1 este s\u00e1bado y se conocer\u00e1 qui\u00e9n es mejor<\/p>\n","protected":false},"author":20,"featured_media":496257,"comment_status":"closed","ping_status":"closed","sticky":false,"template":"","format":"standard","meta":[],"categories":[5,6411],"tags":[8231,5518],"_links":{"self":[{"href":"http:\/\/desarrollo.grupomedios.com\/futbol\/wp-json\/wp\/v2\/posts\/496354"}],"collection":[{"href":"http:\/\/desarrollo.grupomedios.com\/futbol\/wp-json\/wp\/v2\/posts"}],"about":[{"href":"http:\/\/desarrollo.grupomedios.com\/futbol\/wp-json\/wp\/v2\/types\/post"}],"author":[{"embeddable":true,"href":"http:\/\/desarrollo.grupomedios.com\/futbol\/wp-json\/wp\/v2\/users\/20"}],"replies":[{"embeddable":true,"href":"http:\/\/desarrollo.grupomedios.com\/futbol\/wp-json\/wp\/v2\/comments?post=496354"}],"version-history":[{"count":1,"href":"http:\/\/desarrollo.grupomedios.com\/futbol\/wp-json\/wp\/v2\/posts\/496354\/revisions"}],"predecessor-version":[{"id":496358,"href":"http:\/\/desarrollo.grupomedios.com\/futbol\/wp-json\/wp\/v2\/posts\/496354\/revisions\/496358"}],"wp:featuredmedia":[{"embeddable":true,"href":"http:\/\/desarrollo.grupomedios.com\/futbol\/wp-json\/wp\/v2\/media\/496257"}],"wp:attachment":[{"href":"http:\/\/desarrollo.grupomedios.com\/futbol\/wp-json\/wp\/v2\/media?parent=496354"}],"wp:term":[{"taxonomy":"category","embeddable":true,"href":"http:\/\/desarrollo.grupomedios.com\/futbol\/wp-json\/wp\/v2\/categories?post=496354"},{"taxonomy":"post_tag","embeddable":true,"href":"http:\/\/desarrollo.grupomedios.com\/futbol\/wp-json\/wp\/v2\/tags?post=496354"}],"curies":[{"name":"wp","href":"https:\/\/api.w.org\/{rel}","templated":true}]}}