{"id":496357,"date":"2017-08-26T13:26:39","date_gmt":"2017-08-26T18:26:39","guid":{"rendered":"https:\/\/www.futboltotal.com.mx\/?p=496357"},"modified":"2017-08-26T13:26:39","modified_gmt":"2017-08-26T18:26:39","slug":"vettel-renueva-con-ferrari-tres-anios","status":"publish","type":"post","link":"http:\/\/desarrollo.grupomedios.com\/futbol\/no-todo-es-futbol\/vettel-renueva-con-ferrari-tres-anios\/2017\/08","title":{"rendered":"Vettel renueva con Ferrari por tres a\u00f1os"},"content":{"rendered":"<p>El cuatro veces campe\u00f3n mundial de <strong>F\u00f3rmula 1, Sebastian Vettel<\/strong>, continuar\u00e1 tres a\u00f1os m\u00e1s con la escuderia <strong>Ferrari,<\/strong> as\u00ed lo anunci\u00f3 este s\u00e1bado en <strong>Spa-Francorchamps<\/strong>, sede del <strong>Gran Premio de B\u00e9lgica<\/strong>, por lo que quedar\u00e1 ligado hasta 2020 con el &#8216;Cavallino Rampante&#8221;.<\/p>\n<p style=\"text-align: center;\"><a href=\"https:\/\/www.futboltotal.com.mx\/2017\/08\/tevez-no-se-ve-a-lado-benedetto-y-cardona-en-boca\/\" target=\"_blank\" rel=\"noopener noreferrer\"><span style=\"color: #000080;\">VER M\u00c1S:\u00a0T\u00e9vez no se ve a lado de Benedetto y Cardona en Boca<\/span><\/a><\/p>\n<p>Actualmente, el piloto alem\u00e1n es amo y se\u00f1or del <strong>Mundial 2017<\/strong> con 202 puntos, superando al piloto ingl\u00e9s de<strong> Mercedez, Lewis Hamilton<\/strong>. Cabe recordar que hace unos d\u00edas <strong>Kimi Kaikkonen<\/strong> hizo lo propio por un a\u00f1o m\u00e1s.<\/p>\n<p>&nbsp;<\/p>\n","protected":false},"excerpt":{"rendered":"<p>El alem\u00e1n renov\u00f3 contrato por tres a\u00f1os m\u00e1s con la escuderia italiana<\/p>\n","protected":false},"author":20,"featured_media":496360,"comment_status":"closed","ping_status":"closed","sticky":false,"template":"","format":"standard","meta":[],"categories":[5418,6411],"tags":[5493,9872,9873],"_links":{"self":[{"href":"http:\/\/desarrollo.grupomedios.com\/futbol\/wp-json\/wp\/v2\/posts\/496357"}],"collection":[{"href":"http:\/\/desarrollo.grupomedios.com\/futbol\/wp-json\/wp\/v2\/posts"}],"about":[{"href":"http:\/\/desarrollo.grupomedios.com\/futbol\/wp-json\/wp\/v2\/types\/post"}],"author":[{"embeddable":true,"href":"http:\/\/desarrollo.grupomedios.com\/futbol\/wp-json\/wp\/v2\/users\/20"}],"replies":[{"embeddable":true,"href":"http:\/\/desarrollo.grupomedios.com\/futbol\/wp-json\/wp\/v2\/comments?post=496357"}],"version-history":[{"count":1,"href":"http:\/\/desarrollo.grupomedios.com\/futbol\/wp-json\/wp\/v2\/posts\/496357\/revisions"}],"predecessor-version":[{"id":496361,"href":"http:\/\/desarrollo.grupomedios.com\/futbol\/wp-json\/wp\/v2\/posts\/496357\/revisions\/496361"}],"wp:featuredmedia":[{"embeddable":true,"href":"http:\/\/desarrollo.grupomedios.com\/futbol\/wp-json\/wp\/v2\/media\/496360"}],"wp:attachment":[{"href":"http:\/\/desarrollo.grupomedios.com\/futbol\/wp-json\/wp\/v2\/media?parent=496357"}],"wp:term":[{"taxonomy":"category","embeddable":true,"href":"http:\/\/desarrollo.grupomedios.com\/futbol\/wp-json\/wp\/v2\/categories?post=496357"},{"taxonomy":"post_tag","embeddable":true,"href":"http:\/\/desarrollo.grupomedios.com\/futbol\/wp-json\/wp\/v2\/tags?post=496357"}],"curies":[{"name":"wp","href":"https:\/\/api.w.org\/{rel}","templated":true}]}}