{"id":496359,"date":"2017-08-26T13:36:03","date_gmt":"2017-08-26T18:36:03","guid":{"rendered":"https:\/\/www.futboltotal.com.mx\/?p=496359"},"modified":"2017-08-26T13:36:03","modified_gmt":"2017-08-26T18:36:03","slug":"diego-alonso-llegara-a-pumas-entrenador","status":"publish","type":"post","link":"http:\/\/desarrollo.grupomedios.com\/futbol\/futbol-mexicano\/diego-alonso-llegara-a-pumas-entrenador\/2017\/08","title":{"rendered":"\u00bfDiego Alonso llegar\u00e1 a Pumas como entrenador?"},"content":{"rendered":"<p>Luego de la destituci\u00f3n de <strong>Juan Francisco Palencia<\/strong> como entrenador de<strong> Pumas<\/strong>, el cuadro universitario est\u00e1 buscando un reemplazo.<\/p>\n<p>Por el momento <strong>Sergio Egea<\/strong> ha tomado el cargo como interino y se mantendr\u00e1 por lo que resta de la temporada, sin embargo, algo tan insignificante como un saludo ha puesto el ojo en Diego Alonso, actual estratega del Pachuca.<\/p>\n<p style=\"text-align: center;\"><span style=\"color: #333399;\"><a style=\"color: #333399;\" href=\"https:\/\/www.futboltotal.com.mx\/2017\/08\/kun-aguero-pelea-policia-defender-aficionado\/\" target=\"_blank\" rel=\"noopener noreferrer\">VER M\u00c1S: Kun Ag\u00fcero pelea con polic\u00eda para defender aficionado<\/a><\/span><\/p>\n<p>Antes de viajar a <strong>Veracruz<\/strong> la ma\u00f1ana de este s\u00e1bado, Egea se encontr\u00f3 con el estratega uruguayo, <strong>Diego Alonso<\/strong>, y al ser cuestionado\u00a0acerca de si el estratega uruguayo podr\u00eda ser una opci\u00f3n para dirigir a los felinos, expres\u00f3 lo siguiente:<\/p>\n<p>\u201cCon<b>\u00a0Diego Alonso<\/b>\u00a0hay una amistad, lo tuve en 2004. Hay una empat\u00eda buena, est\u00e1 haciendo un gran trabajo en\u00a0Pachuca\u00a0y en este momento est\u00e1 en un club grande tambi\u00e9n. Fue un saludo de amigos y felicitarlo por el trabajo que hace en<b>\u00a0<\/b>Pachuca<b>.\u00a0<\/b>En este momento nos centramos en\u00a0<b>Veracruz\u00a0<\/b>y en\u00a0<b>Celaya,<\/b>no miramos muy lejos. <strong>Ya tendremos tiempo de analizarlo m\u00e1s adelante<\/strong>\u201d, finaliz\u00f3.<\/p>\n<p>Diego Alonso jug\u00f3 para Pumas de 2004 a 2005, se llev\u00f3 los t\u00edtulos de <strong>Campe\u00f3n de Campeones en 2004, el torneo Clausura 2004 y el Trofeo Santiago Bernab\u00e9u<\/strong>.<\/p>\n<p style=\"text-align: center;\"><span style=\"color: #333399;\"><a style=\"color: #333399;\" href=\"https:\/\/www.futboltotal.com.mx\/2017\/08\/marco-fabian-podria-regresar-este-mismo-ano\/\" target=\"_blank\" rel=\"noopener noreferrer\">VER M\u00c1S: Marco Fabi\u00e1n podr\u00eda regresar este a\u00f1o<\/a><\/span><\/p>\n<p><iframe loading=\"lazy\" src=\"https:\/\/www.youtube.com\/embed\/X2zhBgu8NUE?feature=oembed\" frameborder=\"0\" allowfullscreen><\/iframe><\/p>\n","protected":false},"excerpt":{"rendered":"<p>Alonso podr\u00eda ser una opci\u00f3n en el banquillo auriazul<\/p>\n","protected":false},"author":20,"featured_media":474571,"comment_status":"closed","ping_status":"closed","sticky":false,"template":"","format":"standard","meta":[],"categories":[2198,3845],"tags":[8589,5968,74,2491],"_links":{"self":[{"href":"http:\/\/desarrollo.grupomedios.com\/futbol\/wp-json\/wp\/v2\/posts\/496359"}],"collection":[{"href":"http:\/\/desarrollo.grupomedios.com\/futbol\/wp-json\/wp\/v2\/posts"}],"about":[{"href":"http:\/\/desarrollo.grupomedios.com\/futbol\/wp-json\/wp\/v2\/types\/post"}],"author":[{"embeddable":true,"href":"http:\/\/desarrollo.grupomedios.com\/futbol\/wp-json\/wp\/v2\/users\/20"}],"replies":[{"embeddable":true,"href":"http:\/\/desarrollo.grupomedios.com\/futbol\/wp-json\/wp\/v2\/comments?post=496359"}],"version-history":[{"count":1,"href":"http:\/\/desarrollo.grupomedios.com\/futbol\/wp-json\/wp\/v2\/posts\/496359\/revisions"}],"predecessor-version":[{"id":496363,"href":"http:\/\/desarrollo.grupomedios.com\/futbol\/wp-json\/wp\/v2\/posts\/496359\/revisions\/496363"}],"wp:featuredmedia":[{"embeddable":true,"href":"http:\/\/desarrollo.grupomedios.com\/futbol\/wp-json\/wp\/v2\/media\/474571"}],"wp:attachment":[{"href":"http:\/\/desarrollo.grupomedios.com\/futbol\/wp-json\/wp\/v2\/media?parent=496359"}],"wp:term":[{"taxonomy":"category","embeddable":true,"href":"http:\/\/desarrollo.grupomedios.com\/futbol\/wp-json\/wp\/v2\/categories?post=496359"},{"taxonomy":"post_tag","embeddable":true,"href":"http:\/\/desarrollo.grupomedios.com\/futbol\/wp-json\/wp\/v2\/tags?post=496359"}],"curies":[{"name":"wp","href":"https:\/\/api.w.org\/{rel}","templated":true}]}}