{"id":496369,"date":"2017-08-26T14:10:18","date_gmt":"2017-08-26T19:10:18","guid":{"rendered":"https:\/\/www.futboltotal.com.mx\/?p=496369"},"modified":"2017-08-26T14:10:18","modified_gmt":"2017-08-26T19:10:18","slug":"novia-paolo-guerrero-demuestra-habilidad-con-balon","status":"publish","type":"post","link":"http:\/\/desarrollo.grupomedios.com\/futbol\/cambio-de-juego\/novia-paolo-guerrero-demuestra-habilidad-con-balon\/2017\/08","title":{"rendered":"Novia de Paolo Guerrero demuestra su habilidad con el bal\u00f3n"},"content":{"rendered":"<p>El futbolista del <strong>Flamengo de Brasil, Paolo Guerrero<\/strong>, y su novia <strong>Tha\u00edsa Leal,<\/strong> causaron revuelo en las redes sociales luego de compartir un video en el que se muestra como disfrutan su tiempo libre.<\/p>\n<p style=\"text-align: center;\"><a href=\"https:\/\/www.futboltotal.com.mx\/2017\/08\/veracruz-tendria-reemplazo-para-pedro-gallese\/\" target=\"_blank\" rel=\"noopener noreferrer\"><span style=\"color: #333399;\">VER M\u00c1S:\u00a0Veracruz ya tendr\u00eda reemplazo para Pedro Gallese<\/span><\/a><\/p>\n<p>En las im\u00e1genes se ve al ariete peruano y a su novia dominando el bal\u00f3n, lo sorprendente es la t\u00e9cnica y habilidad de la guapa <strong>Tha\u00edsa.<\/strong><\/p>\n<p>&nbsp;<\/p>\n<blockquote class=\"instagram-media\" style=\"background: #FFF; border: 0; border-radius: 3px; box-shadow: 0 0 1px 0 rgba(0,0,0,0.5),0 1px 10px 0 rgba(0,0,0,0.15); margin: 1px; max-width: 658px; padding: 0; width: calc(100% - 2px);\" data-instgrm-captioned=\"\" data-instgrm-version=\"7\">\n<div style=\"padding: 8px;\">\n<div style=\"background: #F8F8F8; line-height: 0; margin-top: 40px; padding: 50.0% 0; text-align: center; width: 100%;\"><\/div>\n<p style=\"margin: 8px 0 0 0; padding: 0 4px;\"><a style=\"color: #000; font-family: Arial,sans-serif; font-size: 14px; font-style: normal; font-weight: normal; line-height: 17px; text-decoration: none; word-wrap: break-word;\" href=\"https:\/\/www.instagram.com\/p\/BYMsJBygxqy\/\" target=\"_blank\" rel=\"noopener noreferrer\">Dando uma aulinha para ele &#x1f602;\u2764\ufe0f #altinha<\/a><\/p>\n<p style=\"color: #c9c8cd; font-family: Arial,sans-serif; font-size: 14px; line-height: 17px; margin-bottom: 0; margin-top: 8px; overflow: hidden; padding: 8px 0 7px; text-align: center; text-overflow: ellipsis; white-space: nowrap;\">Una publicaci\u00f3n compartida de Tha\u00edsa Leal (@lealthaisa) el <time style=\"font-family: Arial,sans-serif; font-size: 14px; line-height: 17px;\" datetime=\"2017-08-25T01:26:18+00:00\">24 de Ago de 2017 a la(s) 6:26 PDT<\/time><\/p>\n<\/div>\n<\/blockquote>\n<p><script async defer src=\"\/\/platform.instagram.com\/en_US\/embeds.js\"><\/script><\/p>\n","protected":false},"excerpt":{"rendered":"<p>Tha\u00edsa Leal es toda una crack y podr\u00eda dejar hasta sin empleo a Guerrero<\/p>\n","protected":false},"author":20,"featured_media":496371,"comment_status":"closed","ping_status":"closed","sticky":false,"template":"","format":"standard","meta":[],"categories":[5419],"tags":[755,5565,9939],"_links":{"self":[{"href":"http:\/\/desarrollo.grupomedios.com\/futbol\/wp-json\/wp\/v2\/posts\/496369"}],"collection":[{"href":"http:\/\/desarrollo.grupomedios.com\/futbol\/wp-json\/wp\/v2\/posts"}],"about":[{"href":"http:\/\/desarrollo.grupomedios.com\/futbol\/wp-json\/wp\/v2\/types\/post"}],"author":[{"embeddable":true,"href":"http:\/\/desarrollo.grupomedios.com\/futbol\/wp-json\/wp\/v2\/users\/20"}],"replies":[{"embeddable":true,"href":"http:\/\/desarrollo.grupomedios.com\/futbol\/wp-json\/wp\/v2\/comments?post=496369"}],"version-history":[{"count":1,"href":"http:\/\/desarrollo.grupomedios.com\/futbol\/wp-json\/wp\/v2\/posts\/496369\/revisions"}],"predecessor-version":[{"id":496372,"href":"http:\/\/desarrollo.grupomedios.com\/futbol\/wp-json\/wp\/v2\/posts\/496369\/revisions\/496372"}],"wp:featuredmedia":[{"embeddable":true,"href":"http:\/\/desarrollo.grupomedios.com\/futbol\/wp-json\/wp\/v2\/media\/496371"}],"wp:attachment":[{"href":"http:\/\/desarrollo.grupomedios.com\/futbol\/wp-json\/wp\/v2\/media?parent=496369"}],"wp:term":[{"taxonomy":"category","embeddable":true,"href":"http:\/\/desarrollo.grupomedios.com\/futbol\/wp-json\/wp\/v2\/categories?post=496369"},{"taxonomy":"post_tag","embeddable":true,"href":"http:\/\/desarrollo.grupomedios.com\/futbol\/wp-json\/wp\/v2\/tags?post=496369"}],"curies":[{"name":"wp","href":"https:\/\/api.w.org\/{rel}","templated":true}]}}