{"id":496373,"date":"2017-08-26T14:29:32","date_gmt":"2017-08-26T19:29:32","guid":{"rendered":"https:\/\/www.futboltotal.com.mx\/?p=496373"},"modified":"2017-08-26T14:29:32","modified_gmt":"2017-08-26T19:29:32","slug":"anecdota-dos-futbolistas-que-hicieron-pogba-amara-futbol","status":"publish","type":"post","link":"http:\/\/desarrollo.grupomedios.com\/futbol\/futbol-internacional\/anecdota-dos-futbolistas-que-hicieron-pogba-amara-futbol\/2017\/08","title":{"rendered":"An\u00e9cdota &#8211; Los dos futbolistas que hicieron que Pogba amara el futbol"},"content":{"rendered":"<p>El jugador franc\u00e9s del <strong>Manchester United<\/strong> y segundo jugador m\u00e1s caro en la historia del futbol, <strong>Paul Pogba<\/strong>, confes\u00f3 quienes fueron los futbolistas que lo inspiraron en su ni\u00f1ez a convertirse en un futbolista de \u00e9lite.<\/p>\n<p style=\"text-align: center;\"><a href=\"https:\/\/www.futboltotal.com.mx\/2017\/08\/novia-paolo-guerrero-demuestra-habilidad-con-balon\/\" target=\"_blank\" rel=\"noopener noreferrer\"><span style=\"color: #333399;\">VER M\u00c1S:\u00a0Novia de Paolo Guerrero demuestra su habilidad con el bal\u00f3n<\/span><\/a><\/p>\n<p>Durante una charla con <strong>FIFA<\/strong>, el jugador de la <strong>Selecci\u00f3n de Francia<\/strong> declar\u00f3 que dos jugadores marcaron su infancia: el primero de ellos fue <strong>Ronaldo<\/strong> (El Fen\u00f3meno) y <strong>Zinedine Zidane.<\/strong><\/p>\n<blockquote><p>&#8220;Mi jugador referencia es Ronaldo. \u00c9l me hizo amar el futbol. Me encantaba, porque yo era atacante cuando era m\u00e1s joven. Su t\u00e9cnica, su rapidez, su capacidad para el gol, la diversidad de su juego me gustaba y la admiraba&#8230; Y claro, \u00a1Zidane! Es un icono franc\u00e9s. Nos dej\u00f3 huella. No lo olvidamos. Todo el mundo le respeta y admira. Todos queremos emular su carrera&#8221;.<\/p><\/blockquote>\n<p style=\"text-align: center;\"><a href=\"https:\/\/www.futboltotal.com.mx\/2017\/08\/veracruz-tendria-reemplazo-para-pedro-gallese\/\" target=\"_blank\" rel=\"noopener noreferrer\"><span style=\"color: #333399;\">VER M\u00c1S:\u00a0Veracruz ya tendr\u00eda reemplazo para Pedro Gallese<\/span><\/a><\/p>\n<p>Cabe destacar que con tan solo 24 a\u00f1os de edad,<strong> Pogba<\/strong> ha logrado sino emular a sus dos \u00eddolos, si conseguir diez t\u00edtulos en lo que lleva de carrera profesional.<\/p>\n<p><a href=\"https:\/\/www.futboltotal.com.mx\/wp-content\/uploads\/2017\/08\/madrid-1-1.jpg\"><img decoding=\"async\" loading=\"lazy\" class=\"alignnone size-full wp-image-496375\" src=\"https:\/\/www.futboltotal.com.mx\/wp-content\/uploads\/2017\/08\/madrid-1-1.jpg\" alt=\"An\u00e9cdota &#8211; Los dos futbolistas que hicieron que Pogba amara el futbol 0\" srcset=\"http:\/\/desarrollo.grupomedios.com\/futbol\/wp-content\/uploads\/2017\/08\/madrid-1-1.jpg 1136w, http:\/\/desarrollo.grupomedios.com\/futbol\/wp-content\/uploads\/2017\/08\/madrid-1-1-300x169.jpg 300w, http:\/\/desarrollo.grupomedios.com\/futbol\/wp-content\/uploads\/2017\/08\/madrid-1-1-768x432.jpg 768w, http:\/\/desarrollo.grupomedios.com\/futbol\/wp-content\/uploads\/2017\/08\/madrid-1-1-1024x576.jpg 1024w, http:\/\/desarrollo.grupomedios.com\/futbol\/wp-content\/uploads\/2017\/08\/madrid-1-1-393x221.jpg 393w\" sizes=\"(max-width: 1136px) 100vw, 1136px\" \/><\/a><\/p>\n","protected":false},"excerpt":{"rendered":"<p>Gracias a ellos Pogba es un jugador de \u00e9lite<\/p>\n","protected":false},"author":20,"featured_media":491599,"comment_status":"closed","ping_status":"closed","sticky":false,"template":"","format":"standard","meta":[],"categories":[5419,3839,3846],"tags":[6104,1504,2215],"_links":{"self":[{"href":"http:\/\/desarrollo.grupomedios.com\/futbol\/wp-json\/wp\/v2\/posts\/496373"}],"collection":[{"href":"http:\/\/desarrollo.grupomedios.com\/futbol\/wp-json\/wp\/v2\/posts"}],"about":[{"href":"http:\/\/desarrollo.grupomedios.com\/futbol\/wp-json\/wp\/v2\/types\/post"}],"author":[{"embeddable":true,"href":"http:\/\/desarrollo.grupomedios.com\/futbol\/wp-json\/wp\/v2\/users\/20"}],"replies":[{"embeddable":true,"href":"http:\/\/desarrollo.grupomedios.com\/futbol\/wp-json\/wp\/v2\/comments?post=496373"}],"version-history":[{"count":1,"href":"http:\/\/desarrollo.grupomedios.com\/futbol\/wp-json\/wp\/v2\/posts\/496373\/revisions"}],"predecessor-version":[{"id":496376,"href":"http:\/\/desarrollo.grupomedios.com\/futbol\/wp-json\/wp\/v2\/posts\/496373\/revisions\/496376"}],"wp:featuredmedia":[{"embeddable":true,"href":"http:\/\/desarrollo.grupomedios.com\/futbol\/wp-json\/wp\/v2\/media\/491599"}],"wp:attachment":[{"href":"http:\/\/desarrollo.grupomedios.com\/futbol\/wp-json\/wp\/v2\/media?parent=496373"}],"wp:term":[{"taxonomy":"category","embeddable":true,"href":"http:\/\/desarrollo.grupomedios.com\/futbol\/wp-json\/wp\/v2\/categories?post=496373"},{"taxonomy":"post_tag","embeddable":true,"href":"http:\/\/desarrollo.grupomedios.com\/futbol\/wp-json\/wp\/v2\/tags?post=496373"}],"curies":[{"name":"wp","href":"https:\/\/api.w.org\/{rel}","templated":true}]}}