{"id":496395,"date":"2017-08-26T15:56:14","date_gmt":"2017-08-26T20:56:14","guid":{"rendered":"https:\/\/www.futboltotal.com.mx\/?p=496395"},"modified":"2017-08-26T15:56:14","modified_gmt":"2017-08-26T20:56:14","slug":"kun-aguero-en-problemas-justicia-britanica","status":"publish","type":"post","link":"http:\/\/desarrollo.grupomedios.com\/futbol\/futbol-internacional\/kun-aguero-en-problemas-justicia-britanica\/2017\/08","title":{"rendered":"Kun Ag\u00fcero en problemas con la justicia brit\u00e1nica"},"content":{"rendered":"<p>Luego de que <strong>Sergio Ag\u00fcero,<\/strong> delantero del <strong>Manchester City<\/strong>, tuviera un altercado con un guardia de seguridad tras el ag\u00f3nico gol de <strong>Raheem Sterling<\/strong>, que le dio la victoria a los<em> Citizens<\/em>\u00a0sobre el <strong>Bournemouth.<\/strong><\/p>\n<p style=\"text-align: center;\"><a href=\"https:\/\/www.futboltotal.com.mx\/2017\/08\/pachuca-se-proclama-campeon-internacional-fuerzas-basicas\/\" target=\"_blank\" rel=\"noopener noreferrer\"><span style=\"color: #333399;\">VER M\u00c1S:\u00a0Pachuca se proclama campe\u00f3n internacional de fuerzas b\u00e1sicas<\/span><\/a><\/p>\n<p>Durante el euf\u00f3rico festejo, los aficionados se ingresaron al terreno de juego, raz\u00f3n por la cual intervinieron las autoridades; sin embargo, uno de los guardias de seguridad someti\u00f3 de forma violenta a uno de los aficionados del <em>City<\/em>, desatando la furia del jugador argentino, quien se hizo de palabras y manote\u00f3 al elemento de seguridad.<\/p>\n<p style=\"text-align: center;\"><a href=\"https:\/\/www.futboltotal.com.mx\/2017\/08\/mexico-cae-ante-japon-en-las-ligas-pequenas-beisbol\/\" target=\"_blank\" rel=\"noopener noreferrer\"><span style=\"color: #333399;\">VER M\u00c1S:\u00a0M\u00e9xico cae ante Jap\u00f3n en las Ligas Peque\u00f1as de beisbol<\/span><\/a><\/p>\n<p>Tras el altercado, la autoridad brit\u00e1nica abrir\u00e1 una investigaci\u00f3n en contra del &#8216;Kun&#8217;, ya que el elemento de seguridad dijo haber sido agredido por el futbolista.<\/p>\n<p>&nbsp;<\/p>\n<blockquote class=\"twitter-video\" data-lang=\"es\">\n<p dir=\"ltr\" lang=\"en\"><a href=\"https:\/\/twitter.com\/hashtag\/scenes?src=hash\">#scenes<\/a> mcfc <a href=\"https:\/\/t.co\/9NC5Yl1VcY\">pic.twitter.com\/9NC5Yl1VcY<\/a><\/p>\n<p>\u2014 Ethan Allen (@EthanAllen45) <a href=\"https:\/\/twitter.com\/EthanAllen45\/status\/901447984738598913\">26 de agosto de 2017<\/a><\/p><\/blockquote>\n<p><script async src=\"\/\/platform.twitter.com\/widgets.js\" charset=\"utf-8\"><\/script><\/p>\n","protected":false},"excerpt":{"rendered":"<p>Ahora el &#8216;Kun&#8217; ser\u00e1 investigado por la polic\u00eda brit\u00e1nica<\/p>\n","protected":false},"author":20,"featured_media":496337,"comment_status":"closed","ping_status":"closed","sticky":false,"template":"","format":"standard","meta":[],"categories":[3839,3846],"tags":[152,5993,5760,5992],"_links":{"self":[{"href":"http:\/\/desarrollo.grupomedios.com\/futbol\/wp-json\/wp\/v2\/posts\/496395"}],"collection":[{"href":"http:\/\/desarrollo.grupomedios.com\/futbol\/wp-json\/wp\/v2\/posts"}],"about":[{"href":"http:\/\/desarrollo.grupomedios.com\/futbol\/wp-json\/wp\/v2\/types\/post"}],"author":[{"embeddable":true,"href":"http:\/\/desarrollo.grupomedios.com\/futbol\/wp-json\/wp\/v2\/users\/20"}],"replies":[{"embeddable":true,"href":"http:\/\/desarrollo.grupomedios.com\/futbol\/wp-json\/wp\/v2\/comments?post=496395"}],"version-history":[{"count":1,"href":"http:\/\/desarrollo.grupomedios.com\/futbol\/wp-json\/wp\/v2\/posts\/496395\/revisions"}],"predecessor-version":[{"id":496396,"href":"http:\/\/desarrollo.grupomedios.com\/futbol\/wp-json\/wp\/v2\/posts\/496395\/revisions\/496396"}],"wp:featuredmedia":[{"embeddable":true,"href":"http:\/\/desarrollo.grupomedios.com\/futbol\/wp-json\/wp\/v2\/media\/496337"}],"wp:attachment":[{"href":"http:\/\/desarrollo.grupomedios.com\/futbol\/wp-json\/wp\/v2\/media?parent=496395"}],"wp:term":[{"taxonomy":"category","embeddable":true,"href":"http:\/\/desarrollo.grupomedios.com\/futbol\/wp-json\/wp\/v2\/categories?post=496395"},{"taxonomy":"post_tag","embeddable":true,"href":"http:\/\/desarrollo.grupomedios.com\/futbol\/wp-json\/wp\/v2\/tags?post=496395"}],"curies":[{"name":"wp","href":"https:\/\/api.w.org\/{rel}","templated":true}]}}