{"id":496423,"date":"2017-08-26T16:59:57","date_gmt":"2017-08-26T21:59:57","guid":{"rendered":"https:\/\/www.futboltotal.com.mx\/?p=496423"},"modified":"2017-08-26T16:59:57","modified_gmt":"2017-08-26T21:59:57","slug":"edson-puch-causa-baja-la-seleccion-chile-lesion","status":"publish","type":"post","link":"http:\/\/desarrollo.grupomedios.com\/futbol\/futbol-internacional\/edson-puch-causa-baja-la-seleccion-chile-lesion\/2017\/08","title":{"rendered":"Edson Puch causa baja de la Selecci\u00f3n de Chile por lesi\u00f3n"},"content":{"rendered":"<p><strong>Edson Puch<\/strong>, jugador de los <strong>Tuzos del Pachuca,<\/strong> sufri\u00f3 un desgarro en el b\u00edceps femoral, por lo que qued\u00f3 descartado de la convocatoria de<strong> Juan Antonio Pizza<\/strong> a l<strong>a Selecci\u00f3n de Chile<\/strong> para los encuentros eliminatorios ante <strong>Paraguay<\/strong> y <strong>Bolivia.<\/strong><\/p>\n<p style=\"text-align: center;\"><a href=\"https:\/\/www.futboltotal.com.mx\/2017\/08\/demi-lovato-encendera-la-pelea-mayweather-vs-mcgregor\/\" target=\"_blank\" rel=\"noopener noreferrer\"><span style=\"color: #333399;\">VER M\u00c1S:\u00a0Demi Lovato, encender\u00e1 la pelea Mayweather vs McGregor<\/span><\/a><\/p>\n<p>La selecci\u00f3n andina se encuentra ubicada en el cuarto lugar de la eliminatoria de<strong> CONMEBOL<\/strong> rumbo a la<strong> Copa del Mundo de Rusia 2018<\/strong>, por lo que ante los guaran\u00eds y bolivianos no puede darse el lujo de dejar ir un solo punto si es que quieren asegurar su boleto al <strong>Mundial.\u00a0<\/strong><\/p>\n","protected":false},"excerpt":{"rendered":"<p>Edson Puch se baja de la convocatoria de Chile para enfrentar a Paraguay y Bolivia<\/p>\n","protected":false},"author":20,"featured_media":496424,"comment_status":"closed","ping_status":"closed","sticky":false,"template":"","format":"standard","meta":[],"categories":[3839],"tags":[7454,5968,1669,73],"_links":{"self":[{"href":"http:\/\/desarrollo.grupomedios.com\/futbol\/wp-json\/wp\/v2\/posts\/496423"}],"collection":[{"href":"http:\/\/desarrollo.grupomedios.com\/futbol\/wp-json\/wp\/v2\/posts"}],"about":[{"href":"http:\/\/desarrollo.grupomedios.com\/futbol\/wp-json\/wp\/v2\/types\/post"}],"author":[{"embeddable":true,"href":"http:\/\/desarrollo.grupomedios.com\/futbol\/wp-json\/wp\/v2\/users\/20"}],"replies":[{"embeddable":true,"href":"http:\/\/desarrollo.grupomedios.com\/futbol\/wp-json\/wp\/v2\/comments?post=496423"}],"version-history":[{"count":1,"href":"http:\/\/desarrollo.grupomedios.com\/futbol\/wp-json\/wp\/v2\/posts\/496423\/revisions"}],"predecessor-version":[{"id":496425,"href":"http:\/\/desarrollo.grupomedios.com\/futbol\/wp-json\/wp\/v2\/posts\/496423\/revisions\/496425"}],"wp:featuredmedia":[{"embeddable":true,"href":"http:\/\/desarrollo.grupomedios.com\/futbol\/wp-json\/wp\/v2\/media\/496424"}],"wp:attachment":[{"href":"http:\/\/desarrollo.grupomedios.com\/futbol\/wp-json\/wp\/v2\/media?parent=496423"}],"wp:term":[{"taxonomy":"category","embeddable":true,"href":"http:\/\/desarrollo.grupomedios.com\/futbol\/wp-json\/wp\/v2\/categories?post=496423"},{"taxonomy":"post_tag","embeddable":true,"href":"http:\/\/desarrollo.grupomedios.com\/futbol\/wp-json\/wp\/v2\/tags?post=496423"}],"curies":[{"name":"wp","href":"https:\/\/api.w.org\/{rel}","templated":true}]}}