{"id":496476,"date":"2017-08-26T23:26:44","date_gmt":"2017-08-27T04:26:44","guid":{"rendered":"https:\/\/www.futboltotal.com.mx\/?p=496476"},"modified":"2017-08-26T23:26:44","modified_gmt":"2017-08-27T04:26:44","slug":"javier-torrente-destituido-leon","status":"publish","type":"post","link":"http:\/\/desarrollo.grupomedios.com\/futbol\/futbol-mexicano\/javier-torrente-destituido-leon\/2017\/08","title":{"rendered":"Javier Torrente es destituido de Le\u00f3n"},"content":{"rendered":"<p><strong>Javier Torrente<\/strong> dej\u00f3 de ser el t\u00e9cnico de<strong> Le\u00f3n<\/strong> luego de caer en casa ante Santos y dejar a los de Guanajuato con tan solo 7 puntos de 21 posibles.<\/p>\n<p>El presidente de los Panzas Verdes,\u00a0<b>Jes\u00fas Mart\u00ednez,\u00a0<\/b>comunic\u00f3 la decisi\u00f3n a trav\u00e9s de un comunicado que dio a conocer a trav\u00e9s de su cuenta de Twitter;\u00a0<strong>&#8220;este momento cr\u00edtico no corresponde con nuestro grandioso pasado, ni con el esp\u00edritu ganador que nos ha caracterizado en los \u00faltimos tiempos&#8221;<\/strong>, apunt\u00f3.<\/p>\n<blockquote class=\"twitter-tweet\" data-lang=\"es\">\n<p dir=\"ltr\" lang=\"und\"><a href=\"https:\/\/t.co\/rpVH6opd2P\">pic.twitter.com\/rpVH6opd2P<\/a><\/p>\n<p>\u2014 Jesus Martinez M. (@jmartinez_leon) <a href=\"https:\/\/twitter.com\/jmartinez_leon\/status\/901652746679365636\">27 de agosto de 2017<\/a><\/p><\/blockquote>\n<p><script async src=\"\/\/platform.twitter.com\/widgets.js\" charset=\"utf-8\"><\/script><\/p>\n<p style=\"text-align: center;\"><span style=\"color: #333399;\"><a style=\"color: #333399;\" href=\"https:\/\/www.futboltotal.com.mx\/2017\/08\/demi-lovato-encendera-la-pelea-mayweather-vs-mcgregor\/\" target=\"_blank\" rel=\"noopener noreferrer\">VER M\u00c1S: Demi Lovato enciende la pelea Mayweather vs McGregor<\/a><\/span><\/p>\n<p>Mart\u00ednez agradeci\u00f3 la labor de Torrente al frente del equipo, al igual que a su cuerpo t\u00e9cnico.<\/p>\n<p>Con esto, en la fecha 7 llega el segundo t\u00e9cnico despedido, junto a <strong>Francisco Palencia\u00a0<\/strong>de Pumas, Torrente no aguant\u00f3 la doble jornada y acab\u00f3 por dejar el cargo.<\/p>\n<p style=\"text-align: center;\"><span style=\"color: #333399;\"><a style=\"color: #333399;\" href=\"https:\/\/www.futboltotal.com.mx\/2017\/08\/west-ham-se-burla-propia-derrota-en-twitter\/\" target=\"_blank\" rel=\"noopener noreferrer\">VER M\u00c1S: West Ham se burla de su propia derrota<\/a><\/span><\/p>\n","protected":false},"excerpt":{"rendered":"<p>Es el segundo estratega destituido en el Apertura 2017<\/p>\n","protected":false},"author":20,"featured_media":491497,"comment_status":"closed","ping_status":"closed","sticky":false,"template":"","format":"standard","meta":[],"categories":[2198,3845],"tags":[8357,8416,5965,64],"_links":{"self":[{"href":"http:\/\/desarrollo.grupomedios.com\/futbol\/wp-json\/wp\/v2\/posts\/496476"}],"collection":[{"href":"http:\/\/desarrollo.grupomedios.com\/futbol\/wp-json\/wp\/v2\/posts"}],"about":[{"href":"http:\/\/desarrollo.grupomedios.com\/futbol\/wp-json\/wp\/v2\/types\/post"}],"author":[{"embeddable":true,"href":"http:\/\/desarrollo.grupomedios.com\/futbol\/wp-json\/wp\/v2\/users\/20"}],"replies":[{"embeddable":true,"href":"http:\/\/desarrollo.grupomedios.com\/futbol\/wp-json\/wp\/v2\/comments?post=496476"}],"version-history":[{"count":1,"href":"http:\/\/desarrollo.grupomedios.com\/futbol\/wp-json\/wp\/v2\/posts\/496476\/revisions"}],"predecessor-version":[{"id":496477,"href":"http:\/\/desarrollo.grupomedios.com\/futbol\/wp-json\/wp\/v2\/posts\/496476\/revisions\/496477"}],"wp:featuredmedia":[{"embeddable":true,"href":"http:\/\/desarrollo.grupomedios.com\/futbol\/wp-json\/wp\/v2\/media\/491497"}],"wp:attachment":[{"href":"http:\/\/desarrollo.grupomedios.com\/futbol\/wp-json\/wp\/v2\/media?parent=496476"}],"wp:term":[{"taxonomy":"category","embeddable":true,"href":"http:\/\/desarrollo.grupomedios.com\/futbol\/wp-json\/wp\/v2\/categories?post=496476"},{"taxonomy":"post_tag","embeddable":true,"href":"http:\/\/desarrollo.grupomedios.com\/futbol\/wp-json\/wp\/v2\/tags?post=496476"}],"curies":[{"name":"wp","href":"https:\/\/api.w.org\/{rel}","templated":true}]}}