{"id":496510,"date":"2017-08-27T10:34:22","date_gmt":"2017-08-27T15:34:22","guid":{"rendered":"https:\/\/www.futboltotal.com.mx\/?p=496510"},"modified":"2017-08-27T10:34:22","modified_gmt":"2017-08-27T15:34:22","slug":"hamilton-gana-checo-perez-abandona-gp-belgica","status":"publish","type":"post","link":"http:\/\/desarrollo.grupomedios.com\/futbol\/no-todo-es-futbol\/hamilton-gana-checo-perez-abandona-gp-belgica\/2017\/08","title":{"rendered":"Hamilton gana y Checo P\u00e9rez abandona GP de B\u00e9lgica"},"content":{"rendered":"<p>El ingl\u00e9s <strong>Lewis Hamilton<\/strong> (Mercedes) gan\u00f3 el <strong>Gran Premio de B\u00e9lgica<\/strong>, el duod\u00e9cimo del Mundial de F\u00f3rmula Uno, disputado en la pista de Spa-Francorchamps, donde recort\u00f3 a siete la ventaja que le saca el alem\u00e1n Sebastian Vettel (Ferrari), l\u00edder del campeonato, segundo este domingo.<\/p>\n<p>Tras haber igualado el s\u00e1bado el r\u00e9cord hist\u00f3rico de &#8216;poles&#8217; (68) del alem\u00e1n Michael Schumacher, <strong>Hamilton<\/strong> festej\u00f3 este domingo su quinto triunfo del a\u00f1o -el quincuag\u00e9simo desde que pilota en F1- y redujo a siete puntos la ventaja que le saca Vettel, en una prueba en la que el australiano Daniel Ricciardo (Red Bull) concluy\u00f3 tercero.<\/p>\n<p style=\"text-align: center;\"><span style=\"color: #3366ff;\"><a style=\"color: #3366ff;\" href=\"https:\/\/www.futboltotal.com.mx\/2017\/08\/se-la-aparecen-las-brujas-a-ochoa-standard-goleado\/\">VER M\u00c1S: Se la aparecen \u2018las Brujas\u2019 a Ochoa y el Standard es goleado<\/a><\/span><\/p>\n<p>La carrera fue neutralizadaen la vuelta 30 por el coche de seguridad, debido a un choque entre los dos pilotos de Force India, el franc\u00e9s Esteban Ocon y el mexicano <strong>Sergio P\u00e9rez<\/strong>.<\/p>\n<p>Los pilotos de Force India luchaban por posici\u00f3n cuando el aler\u00f3n delantero del piloto franc\u00e9s peg\u00f3 contra el neum\u00e1tico trasero derecho del auto del mexicano.<strong> P\u00e9rez<\/strong> qued\u00f3 con el neum\u00e1tico destrozado y Ocon con da\u00f1os en el ala. Ambos fueron a pits y el equipo pudo recuperar los autos para devolverlos a pista; sin embargo, en el cierre del Gran Premio, Checo no pudo terminar mientras que el galo lleg\u00f3 noveno e hizo dos puntos.<\/p>\n<p>Los finlandeses Kimi Raikkonen (Ferrari) y Valtteri Bottas (Mercedes) fueron cuarto y quinto en una prueba en la que el espa\u00f1ol Carlos Sainz (Toro Rosso) sum\u00f3 un punto al acabar d\u00e9cimo. Su compatriota Fernando Alonso (McLaren-Honda) abandon\u00f3 en la vuelta 26.<\/p>\n<p style=\"text-align: center;\"><span style=\"color: #3366ff;\"><a style=\"color: #3366ff;\" href=\"https:\/\/www.futboltotal.com.mx\/2017\/08\/jemez-exploto-ante-la-prensano-estoy-estupideces\/\">VER M\u00c1S: J\u00e9mez explot\u00f3 ante la prensa:\u201dno estoy para estupideces\u201d<\/a><\/span><\/p>\n<p>El alem\u00e1n Nico H\u00fclkenberg (Renault) fue sexto, por delante del franc\u00e9s Romain Grosjean (Haas), en la m\u00edtica pista de Las \u00c1rdenas, la m\u00e1s larga del calendario (7.004 metros), donde tambi\u00e9n puntuaron el brasile\u00f1o Felipe Massa (Williams) y el franc\u00e9s Esteban Ocon (Force India), que acabaron octavo y noveno, respectivamente.<\/p>\n<p>El siguiente Gran Premio, el de Italia, decimotercero de los veinte que integran el Mundial 2017, se disputar\u00e1 el pr\u00f3ximo fin de semana en el circuito de Monza. EFE<\/p>\n","protected":false},"excerpt":{"rendered":"<p>El mexicano estuvo cerca de terminar la carrera.<\/p>\n","protected":false},"author":144,"featured_media":474304,"comment_status":"closed","ping_status":"closed","sticky":false,"template":"","format":"standard","meta":[],"categories":[5810,5418,6411],"tags":[5480,5493,5461],"_links":{"self":[{"href":"http:\/\/desarrollo.grupomedios.com\/futbol\/wp-json\/wp\/v2\/posts\/496510"}],"collection":[{"href":"http:\/\/desarrollo.grupomedios.com\/futbol\/wp-json\/wp\/v2\/posts"}],"about":[{"href":"http:\/\/desarrollo.grupomedios.com\/futbol\/wp-json\/wp\/v2\/types\/post"}],"author":[{"embeddable":true,"href":"http:\/\/desarrollo.grupomedios.com\/futbol\/wp-json\/wp\/v2\/users\/144"}],"replies":[{"embeddable":true,"href":"http:\/\/desarrollo.grupomedios.com\/futbol\/wp-json\/wp\/v2\/comments?post=496510"}],"version-history":[{"count":1,"href":"http:\/\/desarrollo.grupomedios.com\/futbol\/wp-json\/wp\/v2\/posts\/496510\/revisions"}],"predecessor-version":[{"id":496511,"href":"http:\/\/desarrollo.grupomedios.com\/futbol\/wp-json\/wp\/v2\/posts\/496510\/revisions\/496511"}],"wp:featuredmedia":[{"embeddable":true,"href":"http:\/\/desarrollo.grupomedios.com\/futbol\/wp-json\/wp\/v2\/media\/474304"}],"wp:attachment":[{"href":"http:\/\/desarrollo.grupomedios.com\/futbol\/wp-json\/wp\/v2\/media?parent=496510"}],"wp:term":[{"taxonomy":"category","embeddable":true,"href":"http:\/\/desarrollo.grupomedios.com\/futbol\/wp-json\/wp\/v2\/categories?post=496510"},{"taxonomy":"post_tag","embeddable":true,"href":"http:\/\/desarrollo.grupomedios.com\/futbol\/wp-json\/wp\/v2\/tags?post=496510"}],"curies":[{"name":"wp","href":"https:\/\/api.w.org\/{rel}","templated":true}]}}