{"id":496512,"date":"2017-08-27T11:05:02","date_gmt":"2017-08-27T16:05:02","guid":{"rendered":"https:\/\/www.futboltotal.com.mx\/?p=496512"},"modified":"2017-08-27T11:05:02","modified_gmt":"2017-08-27T16:05:02","slug":"chucky-lozano-anota-psv-e-impone-nuevo-record","status":"publish","type":"post","link":"http:\/\/desarrollo.grupomedios.com\/futbol\/destacado-home\/chucky-lozano-anota-psv-e-impone-nuevo-record\/2017\/08","title":{"rendered":"Chucky Lozano anota con PSV e impone nuevo r\u00e9cord"},"content":{"rendered":"<p><strong>Chucky Lozano<\/strong> marc\u00f3 el segundo gol del <strong>PSV Eindhoven<\/strong> ante el Roda JC en el partido de la Jornada 3 de la Eredivisie.<\/p>\n<p>Con esta anotaci\u00f3n, el <strong>Chucky<\/strong> marc\u00f3 su tercer gol con el club holand\u00e9s e impuso nuevo r\u00e9cord, superando al brasile\u00f1o Ronaldo Nazario.<\/p>\n<p>https:\/\/twitter.com\/Fut_momento\/status\/901827244661784576<\/p>\n<p>El <strong>Chucky Lozano<\/strong> se convirti\u00f3 en el primer jugador en la historia del PSV en marcar gol en sus tres primeros partidos, situaci\u00f3n que ya logr\u00f3 el mexicano.<\/p>\n<p>Los Granjeros destacaron la anotaci\u00f3 de Hirving y el gran momento que vive en su primera aventura en el futbol europeo.<\/p>\n<p>https:\/\/twitter.com\/psveindhoven\/status\/901826715428810752<\/p>\n","protected":false},"excerpt":{"rendered":"<p>El mexicano ya marc\u00f3 su tercer gol con PSV.<\/p>\n","protected":false},"author":129,"featured_media":496513,"comment_status":"closed","ping_status":"closed","sticky":false,"template":"","format":"standard","meta":[],"categories":[5,9721,3839,6718],"tags":[6944,3658,2044],"_links":{"self":[{"href":"http:\/\/desarrollo.grupomedios.com\/futbol\/wp-json\/wp\/v2\/posts\/496512"}],"collection":[{"href":"http:\/\/desarrollo.grupomedios.com\/futbol\/wp-json\/wp\/v2\/posts"}],"about":[{"href":"http:\/\/desarrollo.grupomedios.com\/futbol\/wp-json\/wp\/v2\/types\/post"}],"author":[{"embeddable":true,"href":"http:\/\/desarrollo.grupomedios.com\/futbol\/wp-json\/wp\/v2\/users\/129"}],"replies":[{"embeddable":true,"href":"http:\/\/desarrollo.grupomedios.com\/futbol\/wp-json\/wp\/v2\/comments?post=496512"}],"version-history":[{"count":1,"href":"http:\/\/desarrollo.grupomedios.com\/futbol\/wp-json\/wp\/v2\/posts\/496512\/revisions"}],"predecessor-version":[{"id":496514,"href":"http:\/\/desarrollo.grupomedios.com\/futbol\/wp-json\/wp\/v2\/posts\/496512\/revisions\/496514"}],"wp:featuredmedia":[{"embeddable":true,"href":"http:\/\/desarrollo.grupomedios.com\/futbol\/wp-json\/wp\/v2\/media\/496513"}],"wp:attachment":[{"href":"http:\/\/desarrollo.grupomedios.com\/futbol\/wp-json\/wp\/v2\/media?parent=496512"}],"wp:term":[{"taxonomy":"category","embeddable":true,"href":"http:\/\/desarrollo.grupomedios.com\/futbol\/wp-json\/wp\/v2\/categories?post=496512"},{"taxonomy":"post_tag","embeddable":true,"href":"http:\/\/desarrollo.grupomedios.com\/futbol\/wp-json\/wp\/v2\/tags?post=496512"}],"curies":[{"name":"wp","href":"https:\/\/api.w.org\/{rel}","templated":true}]}}