{"id":496519,"date":"2017-08-27T12:01:28","date_gmt":"2017-08-27T17:01:28","guid":{"rendered":"https:\/\/www.futboltotal.com.mx\/?p=496519"},"modified":"2017-08-27T12:01:28","modified_gmt":"2017-08-27T17:01:28","slug":"psv-homenajeo-a-andres-guardado-hector-moreno","status":"publish","type":"post","link":"http:\/\/desarrollo.grupomedios.com\/futbol\/futbol-internacional\/psv-homenajeo-a-andres-guardado-hector-moreno\/2017\/08","title":{"rendered":"PSV homenaje\u00f3 a Andr\u00e9s Guardado y H\u00e9ctor Moreno"},"content":{"rendered":"<p>El <strong>PSV Eindhoven<\/strong> homenaje\u00f3 a <strong>Andr\u00e9s Guardado y H\u00e9ctor Moreno<\/strong> en el Philipps Stadion, luego de tres temporadas que pasaron en el equipo holand\u00e9s.<\/p>\n<p>Durante el medio tiempo del <strong>PSV<\/strong> y Roda JC, los mexicanos, junto a Jetro Willems, aparecieron una vez m\u00e1s en la cancha del equipo Granjero y dieron una vuelta ol\u00edmpica ante la ovaci\u00f3n de su ex afici\u00f3n.<\/p>\n<blockquote class=\"twitter-video\" data-lang=\"es\">\n<p dir=\"ltr\" lang=\"es\">El PSV se despedir\u00e1 de <a href=\"https:\/\/twitter.com\/AGuardado18\">@AGuardado18<\/a>, <a href=\"https:\/\/twitter.com\/HectorMorenoh\">@HectorMorenoh<\/a> y <a href=\"https:\/\/twitter.com\/JetroWillems_15\">@JetroWillems_15<\/a> . \u00a1Much\u00edsimas gracias grandes! <a href=\"https:\/\/t.co\/0FhqIv5Y1A\">pic.twitter.com\/0FhqIv5Y1A<\/a><\/p>\n<p>\u2014 PSV International (@psveindhoven) <a href=\"https:\/\/twitter.com\/psveindhoven\/status\/901834609658404864\">27 de agosto de 2017<\/a><\/p><\/blockquote>\n<p><script async src=\"\/\/platform.twitter.com\/widgets.js\" charset=\"utf-8\"><\/script><\/p>\n<p><strong>Guardado<\/strong> recorri\u00f3 el campo a lado de su hijo Maximiliano, quien no dejaba de patear el bal\u00f3n, mientras que Moreno lo hizo cargando a su hija en el camino.<\/p>\n<blockquote class=\"twitter-video\" data-lang=\"es\">\n<p dir=\"ltr\" lang=\"und\">&#x1f3b6; <a href=\"https:\/\/twitter.com\/AGuardado18\">@AGuardado18<\/a> &#x1f3b6; <a href=\"https:\/\/t.co\/qVxKgfC0Yy\">pic.twitter.com\/qVxKgfC0Yy<\/a><\/p>\n<p>\u2014 PSV International (@psveindhoven) <a href=\"https:\/\/twitter.com\/psveindhoven\/status\/901833911470366720\">27 de agosto de 2017<\/a><\/p><\/blockquote>\n<p><script async src=\"\/\/platform.twitter.com\/widgets.js\" charset=\"utf-8\"><\/script><\/p>\n<p>Antes del medio tiempo, <a href=\"https:\/\/www.futboltotal.com.mx\/2017\/08\/chucky-lozano-anota-psv-e-impone-nuevo-record\/\" target=\"_blank\" rel=\"noopener noreferrer\"><span style=\"color: #3366ff;\">Hirving Lozano marc\u00f3 su tercer gol<\/span> <\/a>como jugador del PSV.<\/p>\n","protected":false},"excerpt":{"rendered":"<p>Los mexicanos fueron despedidos como \u00eddolos.<\/p>\n","protected":false},"author":20,"featured_media":496004,"comment_status":"closed","ping_status":"closed","sticky":false,"template":"","format":"standard","meta":[],"categories":[9721,3839,6718],"tags":[6046,5987,3224],"_links":{"self":[{"href":"http:\/\/desarrollo.grupomedios.com\/futbol\/wp-json\/wp\/v2\/posts\/496519"}],"collection":[{"href":"http:\/\/desarrollo.grupomedios.com\/futbol\/wp-json\/wp\/v2\/posts"}],"about":[{"href":"http:\/\/desarrollo.grupomedios.com\/futbol\/wp-json\/wp\/v2\/types\/post"}],"author":[{"embeddable":true,"href":"http:\/\/desarrollo.grupomedios.com\/futbol\/wp-json\/wp\/v2\/users\/20"}],"replies":[{"embeddable":true,"href":"http:\/\/desarrollo.grupomedios.com\/futbol\/wp-json\/wp\/v2\/comments?post=496519"}],"version-history":[{"count":1,"href":"http:\/\/desarrollo.grupomedios.com\/futbol\/wp-json\/wp\/v2\/posts\/496519\/revisions"}],"predecessor-version":[{"id":496521,"href":"http:\/\/desarrollo.grupomedios.com\/futbol\/wp-json\/wp\/v2\/posts\/496519\/revisions\/496521"}],"wp:featuredmedia":[{"embeddable":true,"href":"http:\/\/desarrollo.grupomedios.com\/futbol\/wp-json\/wp\/v2\/media\/496004"}],"wp:attachment":[{"href":"http:\/\/desarrollo.grupomedios.com\/futbol\/wp-json\/wp\/v2\/media?parent=496519"}],"wp:term":[{"taxonomy":"category","embeddable":true,"href":"http:\/\/desarrollo.grupomedios.com\/futbol\/wp-json\/wp\/v2\/categories?post=496519"},{"taxonomy":"post_tag","embeddable":true,"href":"http:\/\/desarrollo.grupomedios.com\/futbol\/wp-json\/wp\/v2\/tags?post=496519"}],"curies":[{"name":"wp","href":"https:\/\/api.w.org\/{rel}","templated":true}]}}