{"id":496526,"date":"2017-08-27T13:41:00","date_gmt":"2017-08-27T18:41:00","guid":{"rendered":"https:\/\/www.futboltotal.com.mx\/?p=496526"},"modified":"2017-08-27T13:41:00","modified_gmt":"2017-08-27T18:41:00","slug":"reaccion-canelo-tras-pelea-mayweather-vs-mcgregor","status":"publish","type":"post","link":"http:\/\/desarrollo.grupomedios.com\/futbol\/cambio-de-juego\/reaccion-canelo-tras-pelea-mayweather-vs-mcgregor\/2017\/08","title":{"rendered":"La reacci\u00f3n de &#8216;Canelo&#8217; tras la pelea de Mayweather vs McGregor"},"content":{"rendered":"<p>El pugilista mexicano <strong>Sa\u00fal <\/strong>&#8216;Canelo&#8217; <strong>\u00c1lvarez<\/strong> no qued\u00f3 del todo satisfecho del combate entre <strong>Floyd Mayweather Jr<\/strong> y <strong>Conor McGregor.<\/strong><\/p>\n<p style=\"text-align: center;\"><a href=\"https:\/\/www.futboltotal.com.mx\/2017\/08\/debut-antuna-holanda-tendra-que-esperar\/\" target=\"_blank\" rel=\"noopener noreferrer\"><span style=\"color: #333399;\">VER M\u00c1S:\u00a0Debut de Antuna en Holanda tendr\u00e1 que esperar<\/span><\/a><\/p>\n<p>Y es que el boxeador public\u00f3 a trav\u00e9s de su cuenta oficial de <strong>Twitter<\/strong> un mensaje con el emoji de facepalm acompa\u00f1ado por el s\u00edmbolo, o del sexo masculino. Posteriormente lo elimin\u00f3 y lo sustituy\u00f3 con el facepalm solo.<\/p>\n<p><a href=\"https:\/\/www.futboltotal.com.mx\/wp-content\/uploads\/2017\/08\/i.jpg\"><img decoding=\"async\" loading=\"lazy\" class=\"size-full wp-image-496527 aligncenter\" src=\"https:\/\/www.futboltotal.com.mx\/wp-content\/uploads\/2017\/08\/i.jpg\" alt=\"La reacci\u00f3n de &#8216;Canelo&#8217; tras la pelea de Mayweather vs McGregor 0\" srcset=\"http:\/\/desarrollo.grupomedios.com\/futbol\/wp-content\/uploads\/2017\/08\/i.jpg 570w, http:\/\/desarrollo.grupomedios.com\/futbol\/wp-content\/uploads\/2017\/08\/i-300x157.jpg 300w\" sizes=\"(max-width: 570px) 100vw, 570px\" \/><\/a><\/p>\n<p>&nbsp;<\/p>\n<blockquote class=\"twitter-tweet\" data-lang=\"es\">\n<p dir=\"ltr\" lang=\"und\">\u200d\u2642\ufe0f<\/p>\n<p>\u2014 Canelo Alvarez (@Canelo) <a href=\"https:\/\/twitter.com\/Canelo\/status\/901670179142111232\">27 de agosto de 2017<\/a><\/p><\/blockquote>\n<p><script async src=\"\/\/platform.twitter.com\/widgets.js\" charset=\"utf-8\"><\/script><\/p>\n<p style=\"text-align: center;\"><a href=\"https:\/\/www.futboltotal.com.mx\/2017\/08\/chucky-lozano-anota-psv-e-impone-nuevo-record\/\" target=\"_blank\" rel=\"noopener noreferrer\"><span style=\"color: #333399;\">VER M\u00c1S: Chucky Lozano anota con PSV e impone nuevo r\u00e9cord<\/span><\/a><\/p>\n<p>La llamada &#8216;Pelea del a\u00f1o&#8217; termin\u00f3 a favor del &#8216;Money&#8217; Mayweather, quien venci\u00f3 por nocaut t\u00e9cnico a\u00a0<strong>Conor McGregor<\/strong>\u00a0en el d\u00e9cimo asalto.<\/p>\n","protected":false},"excerpt":{"rendered":"<p>&#8216;Canlo&#8217; no qued\u00f3 del todo contento con el combate<\/p>\n","protected":false},"author":20,"featured_media":496528,"comment_status":"closed","ping_status":"closed","sticky":false,"template":"","format":"standard","meta":[],"categories":[6282,5419],"tags":[8345,8231,8603,8537],"_links":{"self":[{"href":"http:\/\/desarrollo.grupomedios.com\/futbol\/wp-json\/wp\/v2\/posts\/496526"}],"collection":[{"href":"http:\/\/desarrollo.grupomedios.com\/futbol\/wp-json\/wp\/v2\/posts"}],"about":[{"href":"http:\/\/desarrollo.grupomedios.com\/futbol\/wp-json\/wp\/v2\/types\/post"}],"author":[{"embeddable":true,"href":"http:\/\/desarrollo.grupomedios.com\/futbol\/wp-json\/wp\/v2\/users\/20"}],"replies":[{"embeddable":true,"href":"http:\/\/desarrollo.grupomedios.com\/futbol\/wp-json\/wp\/v2\/comments?post=496526"}],"version-history":[{"count":1,"href":"http:\/\/desarrollo.grupomedios.com\/futbol\/wp-json\/wp\/v2\/posts\/496526\/revisions"}],"predecessor-version":[{"id":496529,"href":"http:\/\/desarrollo.grupomedios.com\/futbol\/wp-json\/wp\/v2\/posts\/496526\/revisions\/496529"}],"wp:featuredmedia":[{"embeddable":true,"href":"http:\/\/desarrollo.grupomedios.com\/futbol\/wp-json\/wp\/v2\/media\/496528"}],"wp:attachment":[{"href":"http:\/\/desarrollo.grupomedios.com\/futbol\/wp-json\/wp\/v2\/media?parent=496526"}],"wp:term":[{"taxonomy":"category","embeddable":true,"href":"http:\/\/desarrollo.grupomedios.com\/futbol\/wp-json\/wp\/v2\/categories?post=496526"},{"taxonomy":"post_tag","embeddable":true,"href":"http:\/\/desarrollo.grupomedios.com\/futbol\/wp-json\/wp\/v2\/tags?post=496526"}],"curies":[{"name":"wp","href":"https:\/\/api.w.org\/{rel}","templated":true}]}}