{"id":496532,"date":"2017-08-27T14:00:39","date_gmt":"2017-08-27T19:00:39","guid":{"rendered":"https:\/\/www.futboltotal.com.mx\/?p=496532"},"modified":"2017-08-27T14:11:39","modified_gmt":"2017-08-27T19:11:39","slug":"chucky-lozano-aspira-titulo-goleo-en-eredivisie","status":"publish","type":"post","link":"http:\/\/desarrollo.grupomedios.com\/futbol\/futbol-internacional\/chucky-lozano-aspira-titulo-goleo-en-eredivisie\/2017\/08","title":{"rendered":"&#8216;Chucky&#8217; Lozano aspira al t\u00edtulo de goleo en la Eredivisie"},"content":{"rendered":"<p><strong>Hirving Lozano<\/strong> contin\u00faa brillando con el <strong>PSV<\/strong> en su primera temporada en <strong>Holanda<\/strong>, luego de conseguir su tercer tanto en la campa\u00f1a, por lo que espera seguir con esa racha para aspirar por el t\u00edtulo de goleo.<\/p>\n<blockquote><p>&#8220;Muy contento y feliz de que todos est\u00e9n ayudando para que el equipo est\u00e9 bien y hoy nos vimos muy bien. Hay que estar paso a paso y partido a partido y ojal\u00e1 se d\u00e9&#8221;.<\/p><\/blockquote>\n<p style=\"text-align: center;\"><a href=\"https:\/\/www.futboltotal.com.mx\/2017\/08\/reaccion-canelo-tras-pelea-mayweather-vs-mcgregor\/\" target=\"_blank\" rel=\"noopener noreferrer\"><span style=\"color: #333399;\">VER M\u00c1S:\u00a0La reacci\u00f3n de \u2018Canelo\u2019 tras la pelea de Mayweather vs McGregor<\/span><\/a><\/p>\n<p>&#8216;Chucky&#8217; Lozano declar\u00f3 que fue un encuentro complicado ante el <strong>Roda<\/strong>, pero el buen entendimiento con<strong> Locadia<\/strong> y la defensiva fueron fundamentales para conseguir la victoria.<\/p>\n<blockquote><p>&#8220;Fue un partido complicado, todos los partidos son dif\u00edciles pero logramos sumar otros tres puntos que es lo m\u00e1s importante. Nos seguimos acoplando porque son circunstancias del futbol. Nos sentimos muy c\u00f3modos los tres y siempre nos apoyamos en la decisiones dentro del campo&#8221;.<\/p><\/blockquote>\n<p style=\"text-align: center;\"><a href=\"https:\/\/www.futboltotal.com.mx\/2017\/08\/debut-antuna-holanda-tendra-que-esperar\/\" target=\"_blank\" rel=\"noopener noreferrer\"><span style=\"color: #333399;\">VER M\u00c1S:\u00a0Debut de Antuna en Holanda tendr\u00e1 que esperar<\/span><\/a><\/p>\n<p>Por \u00faltimo, el mexicano habl\u00f3 sobre su llamado al <em>Tricolor<\/em> para disputar los encuentros eliminatorios ante <strong>Panam\u00e1<\/strong> y <strong>Costa Rica.<\/strong><\/p>\n<blockquote><p>&#8220;La verdad muy contento de las oportunidades que me dan, ahora voy concentrado con la Selecci\u00f3n Mexicana para poder sacar el resultado. Primero tenemos que jugar el partido, pero vamos a dar lo mejor de nosotros y a buscar el resultado&#8221;.<\/p><\/blockquote>\n<p style=\"text-align: center;\"><a href=\"https:\/\/www.futboltotal.com.mx\/2017\/08\/psv-homenajeo-a-andres-guardado-hector-moreno\/\" target=\"_blank\" rel=\"noopener noreferrer\"><span style=\"color: #333399;\">VER M\u00c1S:\u00a0PSV homenaje\u00f3 a Andr\u00e9s Guardado y H\u00e9ctor Moreno<\/span><\/a><\/p>\n","protected":false},"excerpt":{"rendered":"<p>Lozano no se conforma y pelear\u00e1 por el t\u00edtulo de goleo<\/p>\n","protected":false},"author":20,"featured_media":494976,"comment_status":"closed","ping_status":"closed","sticky":false,"template":"","format":"standard","meta":[],"categories":[3839,6718],"tags":[6944,4420,5196,2044],"_links":{"self":[{"href":"http:\/\/desarrollo.grupomedios.com\/futbol\/wp-json\/wp\/v2\/posts\/496532"}],"collection":[{"href":"http:\/\/desarrollo.grupomedios.com\/futbol\/wp-json\/wp\/v2\/posts"}],"about":[{"href":"http:\/\/desarrollo.grupomedios.com\/futbol\/wp-json\/wp\/v2\/types\/post"}],"author":[{"embeddable":true,"href":"http:\/\/desarrollo.grupomedios.com\/futbol\/wp-json\/wp\/v2\/users\/20"}],"replies":[{"embeddable":true,"href":"http:\/\/desarrollo.grupomedios.com\/futbol\/wp-json\/wp\/v2\/comments?post=496532"}],"version-history":[{"count":1,"href":"http:\/\/desarrollo.grupomedios.com\/futbol\/wp-json\/wp\/v2\/posts\/496532\/revisions"}],"predecessor-version":[{"id":496535,"href":"http:\/\/desarrollo.grupomedios.com\/futbol\/wp-json\/wp\/v2\/posts\/496532\/revisions\/496535"}],"wp:featuredmedia":[{"embeddable":true,"href":"http:\/\/desarrollo.grupomedios.com\/futbol\/wp-json\/wp\/v2\/media\/494976"}],"wp:attachment":[{"href":"http:\/\/desarrollo.grupomedios.com\/futbol\/wp-json\/wp\/v2\/media?parent=496532"}],"wp:term":[{"taxonomy":"category","embeddable":true,"href":"http:\/\/desarrollo.grupomedios.com\/futbol\/wp-json\/wp\/v2\/categories?post=496532"},{"taxonomy":"post_tag","embeddable":true,"href":"http:\/\/desarrollo.grupomedios.com\/futbol\/wp-json\/wp\/v2\/tags?post=496532"}],"curies":[{"name":"wp","href":"https:\/\/api.w.org\/{rel}","templated":true}]}}