{"id":496561,"date":"2017-08-27T15:43:19","date_gmt":"2017-08-27T20:43:19","guid":{"rendered":"https:\/\/www.futboltotal.com.mx\/?p=496561"},"modified":"2017-08-27T15:43:19","modified_gmt":"2017-08-27T20:43:19","slug":"cuauhtemoc-blanco-se-lanzara-por-gubernatura-de-morelos","status":"publish","type":"post","link":"http:\/\/desarrollo.grupomedios.com\/futbol\/cambio-de-juego\/cuauhtemoc-blanco-se-lanzara-por-gubernatura-de-morelos\/2017\/08","title":{"rendered":"Cuauht\u00e9moc Blanco se lanzar\u00e1 por la gubernatura de Morelos"},"content":{"rendered":"<p><strong>Cuauht\u00e9moc Blanco<\/strong> desea seguir cosechando logros en la pol\u00edtica y tal parece que as\u00ed ser\u00e1 el pr\u00f3ximo a\u00f1o, luego de que <strong>Hugo Flores<\/strong>, presidente del <strong>Partido Encuentro Social<\/strong>, revelara que el &#8216;Cuauh&#8217; ser\u00eda el candidato de ese partido para contender por la gubernatura del <strong>Estado de Morelos.<\/strong><\/p>\n<p style=\"text-align: center;\"><a href=\"https:\/\/www.futboltotal.com.mx\/2017\/08\/liverpool-aplasto-al-arsenal-en-la-premier-league\/\" target=\"_blank\" rel=\"noopener noreferrer\"><span style=\"color: #333399;\">VER M\u00c1S:\u00a0Liverpool aplast\u00f3 al Arsenal en la Premier League<\/span><\/a><\/p>\n<p>De acuerdo con el presidente del <strong>PES,<\/strong> el exjugador del<strong> Am\u00e9rica<\/strong> acept\u00f3 de buena forma el desaf\u00edo, aunque asegur\u00f3 que primero desea terminar sus labores como alcalde.<\/p>\n<blockquote><p>&#8220;S\u00ed, con gusto y todav\u00eda le entro todav\u00eda m\u00e1s fuerte a los trancazos, yo s\u00e9 que va a ser complicado, ahorita tenemos que terminar con mi compromiso como alcalde y despu\u00e9s para el pr\u00f3ximo a\u00f1o contendremos&#8221;.<\/p><\/blockquote>\n<p style=\"text-align: center;\"><a href=\"https:\/\/www.futboltotal.com.mx\/2017\/08\/desaparecen-redes-sociales-rafael-marquez\/\" target=\"_blank\" rel=\"noopener noreferrer\"><span style=\"color: #333399;\">VER M\u00c1S:\u00a0Desaparecen redes sociales de Rafael M\u00e1rquez<\/span><\/a><\/p>\n<p>De igual forma, el esfutbolista declar\u00f3 que de ganar la gubernatura, ir\u00e1 con todo en contra del <strong>PRD<\/strong> y ante <strong>Graco Ram\u00edrez<\/strong>, a quien acus\u00f3 de haberse robado mucho dinero durante su gesti\u00f3n, y recalc\u00f3 que no lo va a perdonar.<\/p>\n","protected":false},"excerpt":{"rendered":"<p>El &#8216;Cuauh&#8217; va por todo en el estado de Morelos<\/p>\n","protected":false},"author":20,"featured_media":496565,"comment_status":"closed","ping_status":"closed","sticky":false,"template":"","format":"standard","meta":[],"categories":[5419],"tags":[7010,2041],"_links":{"self":[{"href":"http:\/\/desarrollo.grupomedios.com\/futbol\/wp-json\/wp\/v2\/posts\/496561"}],"collection":[{"href":"http:\/\/desarrollo.grupomedios.com\/futbol\/wp-json\/wp\/v2\/posts"}],"about":[{"href":"http:\/\/desarrollo.grupomedios.com\/futbol\/wp-json\/wp\/v2\/types\/post"}],"author":[{"embeddable":true,"href":"http:\/\/desarrollo.grupomedios.com\/futbol\/wp-json\/wp\/v2\/users\/20"}],"replies":[{"embeddable":true,"href":"http:\/\/desarrollo.grupomedios.com\/futbol\/wp-json\/wp\/v2\/comments?post=496561"}],"version-history":[{"count":1,"href":"http:\/\/desarrollo.grupomedios.com\/futbol\/wp-json\/wp\/v2\/posts\/496561\/revisions"}],"predecessor-version":[{"id":496566,"href":"http:\/\/desarrollo.grupomedios.com\/futbol\/wp-json\/wp\/v2\/posts\/496561\/revisions\/496566"}],"wp:featuredmedia":[{"embeddable":true,"href":"http:\/\/desarrollo.grupomedios.com\/futbol\/wp-json\/wp\/v2\/media\/496565"}],"wp:attachment":[{"href":"http:\/\/desarrollo.grupomedios.com\/futbol\/wp-json\/wp\/v2\/media?parent=496561"}],"wp:term":[{"taxonomy":"category","embeddable":true,"href":"http:\/\/desarrollo.grupomedios.com\/futbol\/wp-json\/wp\/v2\/categories?post=496561"},{"taxonomy":"post_tag","embeddable":true,"href":"http:\/\/desarrollo.grupomedios.com\/futbol\/wp-json\/wp\/v2\/tags?post=496561"}],"curies":[{"name":"wp","href":"https:\/\/api.w.org\/{rel}","templated":true}]}}