{"id":496572,"date":"2017-08-27T16:26:31","date_gmt":"2017-08-27T21:26:31","guid":{"rendered":"https:\/\/www.futboltotal.com.mx\/?p=496572"},"modified":"2017-08-27T16:26:31","modified_gmt":"2017-08-27T21:26:31","slug":"tremenda-fiesta-que-armo-mcgregor-tras-caer-mayweather","status":"publish","type":"post","link":"http:\/\/desarrollo.grupomedios.com\/futbol\/cambio-de-juego\/tremenda-fiesta-que-armo-mcgregor-tras-caer-mayweather\/2017\/08","title":{"rendered":"Tremenda fiesta la que arm\u00f3 Mcgregor tras caer ante Mayweather"},"content":{"rendered":"<p>Caer derrotado ante <strong>Floyd Mayweather Jr<\/strong>., no fue pretexto para que<strong> Conor Mcgregor<\/strong> armara tremenda fiesta en <strong>Las Vegas<\/strong>, donde habr\u00eda gastado nada m\u00e1s y nada menos que hasta 100 mil dolares para su consumo y el de sus acompa\u00f1antes.<\/p>\n<p>El evento que ya estaba previamente pactado para celebrarse en el <strong>Encore Beach Club<\/strong> de la &#8216;Ciudad del Pecado&#8217;, donde se dieron cita m\u00e1s de 2 mil fan\u00e1ticos del irland\u00e9s, donde adem\u00e1s hizo acto presencia la superestrella de la <strong>UFC<\/strong> cerca de las 3 de la ma\u00f1ana, y donde su seguidores pagaron 200 d\u00f3lares para poder tener acceso.<\/p>\n<p style=\"text-align: center;\"><a href=\"https:\/\/www.futboltotal.com.mx\/2017\/08\/etiope-y-peruana-se-llevan-la-maraton-de-la-ciudad-de-mexico\/\" target=\"_blank\" rel=\"noopener noreferrer\"><span style=\"color: #333399;\">VER M\u00c1S:\u00a0Et\u00edope y peruana se llevan la Marat\u00f3n de la Ciudad de M\u00e9xico<\/span><\/a><\/p>\n<p>Fiel a su estilo, &#8216;The Notorious&#8217; apareci\u00f3 con un ex\u00f3tico traje y lentes negros, con los que ocultaba los golpes que &#8216;The Money&#8217; le propin\u00f3 durante el combate. A su llegada, <strong>McGregor<\/strong> tom\u00f3 el lugar del DJ y puso a bailar a los fan\u00e1ticos que se dieron cita.<\/p>\n<p style=\"text-align: center;\"><a href=\"https:\/\/www.futboltotal.com.mx\/2017\/08\/cuauhtemoc-blanco-se-lanzara-por-gubernatura-de-morelos\/\" target=\"_blank\" rel=\"noopener noreferrer\"><span style=\"color: #333399;\">VER M\u00c1S:\u00a0Cuauht\u00e9moc Blanco se lanzar\u00e1 por la gubernatura de Morelos<\/span><\/a><\/p>\n<blockquote><p>&#8220;El resultado no fue el que esper\u00e1bamos, pero de igual manera podemos celebrar como si hubiera sucedido&#8221;.<\/p>\n<p><a href=\"https:\/\/www.futboltotal.com.mx\/wp-content\/uploads\/2017\/08\/1-5.jpg\"><img decoding=\"async\" loading=\"lazy\" class=\"size-full wp-image-496573 aligncenter\" src=\"https:\/\/www.futboltotal.com.mx\/wp-content\/uploads\/2017\/08\/1-5.jpg\" alt=\"Tremenda fiesta la que arm\u00f3 Mcgregor tras caer ante Mayweather 0\" srcset=\"http:\/\/desarrollo.grupomedios.com\/futbol\/wp-content\/uploads\/2017\/08\/1-5.jpg 800w, http:\/\/desarrollo.grupomedios.com\/futbol\/wp-content\/uploads\/2017\/08\/1-5-300x170.jpg 300w, http:\/\/desarrollo.grupomedios.com\/futbol\/wp-content\/uploads\/2017\/08\/1-5-768x434.jpg 768w, http:\/\/desarrollo.grupomedios.com\/futbol\/wp-content\/uploads\/2017\/08\/1-5-393x221.jpg 393w\" sizes=\"(max-width: 800px) 100vw, 800px\" \/><\/a> <a href=\"https:\/\/www.futboltotal.com.mx\/wp-content\/uploads\/2017\/08\/2-5.jpg\"><img decoding=\"async\" loading=\"lazy\" class=\"size-full wp-image-496574 aligncenter\" src=\"https:\/\/www.futboltotal.com.mx\/wp-content\/uploads\/2017\/08\/2-5.jpg\" alt=\"Tremenda fiesta la que arm\u00f3 Mcgregor tras caer ante Mayweather 1\" srcset=\"http:\/\/desarrollo.grupomedios.com\/futbol\/wp-content\/uploads\/2017\/08\/2-5.jpg 800w, http:\/\/desarrollo.grupomedios.com\/futbol\/wp-content\/uploads\/2017\/08\/2-5-300x170.jpg 300w, http:\/\/desarrollo.grupomedios.com\/futbol\/wp-content\/uploads\/2017\/08\/2-5-768x434.jpg 768w, http:\/\/desarrollo.grupomedios.com\/futbol\/wp-content\/uploads\/2017\/08\/2-5-393x221.jpg 393w\" sizes=\"(max-width: 800px) 100vw, 800px\" \/><\/a> <a href=\"https:\/\/www.futboltotal.com.mx\/wp-content\/uploads\/2017\/08\/3-5.jpg\"><img decoding=\"async\" loading=\"lazy\" class=\"size-full wp-image-496575 aligncenter\" src=\"https:\/\/www.futboltotal.com.mx\/wp-content\/uploads\/2017\/08\/3-5.jpg\" alt=\"Tremenda fiesta la que arm\u00f3 Mcgregor tras caer ante Mayweather 2\" srcset=\"http:\/\/desarrollo.grupomedios.com\/futbol\/wp-content\/uploads\/2017\/08\/3-5.jpg 800w, http:\/\/desarrollo.grupomedios.com\/futbol\/wp-content\/uploads\/2017\/08\/3-5-300x170.jpg 300w, http:\/\/desarrollo.grupomedios.com\/futbol\/wp-content\/uploads\/2017\/08\/3-5-768x434.jpg 768w, http:\/\/desarrollo.grupomedios.com\/futbol\/wp-content\/uploads\/2017\/08\/3-5-393x221.jpg 393w\" sizes=\"(max-width: 800px) 100vw, 800px\" \/><\/a> <a href=\"https:\/\/www.futboltotal.com.mx\/wp-content\/uploads\/2017\/08\/4-4.jpg\"><img decoding=\"async\" loading=\"lazy\" class=\"size-full wp-image-496576 aligncenter\" src=\"https:\/\/www.futboltotal.com.mx\/wp-content\/uploads\/2017\/08\/4-4.jpg\" alt=\"Tremenda fiesta la que arm\u00f3 Mcgregor tras caer ante Mayweather 3\" srcset=\"http:\/\/desarrollo.grupomedios.com\/futbol\/wp-content\/uploads\/2017\/08\/4-4.jpg 800w, http:\/\/desarrollo.grupomedios.com\/futbol\/wp-content\/uploads\/2017\/08\/4-4-300x170.jpg 300w, http:\/\/desarrollo.grupomedios.com\/futbol\/wp-content\/uploads\/2017\/08\/4-4-768x434.jpg 768w, http:\/\/desarrollo.grupomedios.com\/futbol\/wp-content\/uploads\/2017\/08\/4-4-393x221.jpg 393w\" sizes=\"(max-width: 800px) 100vw, 800px\" \/><\/a> <a href=\"https:\/\/www.futboltotal.com.mx\/wp-content\/uploads\/2017\/08\/5-4.jpg\"><img decoding=\"async\" loading=\"lazy\" class=\"size-full wp-image-496577 aligncenter\" src=\"https:\/\/www.futboltotal.com.mx\/wp-content\/uploads\/2017\/08\/5-4.jpg\" alt=\"Tremenda fiesta la que arm\u00f3 Mcgregor tras caer ante Mayweather 4\" srcset=\"http:\/\/desarrollo.grupomedios.com\/futbol\/wp-content\/uploads\/2017\/08\/5-4.jpg 800w, http:\/\/desarrollo.grupomedios.com\/futbol\/wp-content\/uploads\/2017\/08\/5-4-300x170.jpg 300w, http:\/\/desarrollo.grupomedios.com\/futbol\/wp-content\/uploads\/2017\/08\/5-4-768x434.jpg 768w, http:\/\/desarrollo.grupomedios.com\/futbol\/wp-content\/uploads\/2017\/08\/5-4-393x221.jpg 393w\" sizes=\"(max-width: 800px) 100vw, 800px\" \/><\/a> <a href=\"https:\/\/www.futboltotal.com.mx\/wp-content\/uploads\/2017\/08\/6-4.jpg\"><img decoding=\"async\" loading=\"lazy\" class=\"size-full wp-image-496578 aligncenter\" src=\"https:\/\/www.futboltotal.com.mx\/wp-content\/uploads\/2017\/08\/6-4.jpg\" alt=\"Tremenda fiesta la que arm\u00f3 Mcgregor tras caer ante Mayweather 5\" srcset=\"http:\/\/desarrollo.grupomedios.com\/futbol\/wp-content\/uploads\/2017\/08\/6-4.jpg 800w, http:\/\/desarrollo.grupomedios.com\/futbol\/wp-content\/uploads\/2017\/08\/6-4-300x170.jpg 300w, http:\/\/desarrollo.grupomedios.com\/futbol\/wp-content\/uploads\/2017\/08\/6-4-768x434.jpg 768w, http:\/\/desarrollo.grupomedios.com\/futbol\/wp-content\/uploads\/2017\/08\/6-4-393x221.jpg 393w\" sizes=\"(max-width: 800px) 100vw, 800px\" \/><\/a><\/p><\/blockquote>\n","protected":false},"excerpt":{"rendered":"<p>&#8216;The Notorious&#8217; sabe lo que es disfrutar pese a la derrota<\/p>\n","protected":false},"author":20,"featured_media":496580,"comment_status":"closed","ping_status":"closed","sticky":false,"template":"","format":"standard","meta":[],"categories":[6282,5419],"tags":[8231,8603],"_links":{"self":[{"href":"http:\/\/desarrollo.grupomedios.com\/futbol\/wp-json\/wp\/v2\/posts\/496572"}],"collection":[{"href":"http:\/\/desarrollo.grupomedios.com\/futbol\/wp-json\/wp\/v2\/posts"}],"about":[{"href":"http:\/\/desarrollo.grupomedios.com\/futbol\/wp-json\/wp\/v2\/types\/post"}],"author":[{"embeddable":true,"href":"http:\/\/desarrollo.grupomedios.com\/futbol\/wp-json\/wp\/v2\/users\/20"}],"replies":[{"embeddable":true,"href":"http:\/\/desarrollo.grupomedios.com\/futbol\/wp-json\/wp\/v2\/comments?post=496572"}],"version-history":[{"count":1,"href":"http:\/\/desarrollo.grupomedios.com\/futbol\/wp-json\/wp\/v2\/posts\/496572\/revisions"}],"predecessor-version":[{"id":496581,"href":"http:\/\/desarrollo.grupomedios.com\/futbol\/wp-json\/wp\/v2\/posts\/496572\/revisions\/496581"}],"wp:featuredmedia":[{"embeddable":true,"href":"http:\/\/desarrollo.grupomedios.com\/futbol\/wp-json\/wp\/v2\/media\/496580"}],"wp:attachment":[{"href":"http:\/\/desarrollo.grupomedios.com\/futbol\/wp-json\/wp\/v2\/media?parent=496572"}],"wp:term":[{"taxonomy":"category","embeddable":true,"href":"http:\/\/desarrollo.grupomedios.com\/futbol\/wp-json\/wp\/v2\/categories?post=496572"},{"taxonomy":"post_tag","embeddable":true,"href":"http:\/\/desarrollo.grupomedios.com\/futbol\/wp-json\/wp\/v2\/tags?post=496572"}],"curies":[{"name":"wp","href":"https:\/\/api.w.org\/{rel}","templated":true}]}}