{"id":496627,"date":"2017-08-27T20:52:05","date_gmt":"2017-08-28T01:52:05","guid":{"rendered":"https:\/\/www.futboltotal.com.mx\/?p=496627"},"modified":"2017-08-27T20:52:05","modified_gmt":"2017-08-28T01:52:05","slug":"bayern-confirma-james-no-jugara-ante-venezuela","status":"publish","type":"post","link":"http:\/\/desarrollo.grupomedios.com\/futbol\/futbol-internacional\/bayern-confirma-james-no-jugara-ante-venezuela\/2017\/08","title":{"rendered":"Bayern confirma que James no jugar\u00e1 ante Venezuela"},"content":{"rendered":"<p>A trav\u00e9s de un comunicado oficial, <strong>Bayern Munich<\/strong> inform\u00f3 que <strong>James Rodr\u00edguez<\/strong> no jugar\u00e1 con <strong>Colombia<\/strong> en el encuentro ante\u00a0<strong>Venezuela<\/strong>, &#8220;bajo ninguna circunstancia&#8221;.<\/p>\n<p style=\"text-align: center;\"><a href=\"https:\/\/www.futboltotal.com.mx\/2017\/08\/cronica-resultado-veracruz-1-0-pumas-liga-mx\/\" target=\"_blank\" rel=\"noopener noreferrer\"><span style=\"color: #333399;\">VER M\u00c1S:\u00a0El Tibur\u00f3n se comi\u00f3 de una mordida a los Pumas<\/span><\/a><\/p>\n<p>Cabe recordar que el cafetalero se encuentra recuper\u00e1ndose de una lesi\u00f3n en el muslo derecho, que sufri\u00f3 a principios de agosto ante el<strong> Liverpool<\/strong> por la<strong> Audi Cup.<\/strong><\/p>\n<p style=\"text-align: center;\"><a href=\"https:\/\/www.futboltotal.com.mx\/2017\/08\/gutierrez-y-hernandez-causan-baja-del-tri-por-lesion\/\" target=\"_blank\" rel=\"noopener noreferrer\"><span style=\"color: #333399;\">VER M\u00c1S:\u00a0Guti\u00e9rrez y Hern\u00e1ndez causan baja del Tri por lesi\u00f3n<\/span><\/a><\/p>\n<p><strong>Rodr\u00edguez<\/strong> se concentrar\u00e1 en las pr\u00f3ximas horas con el combinado colombiano en la ciudad de<strong> Barranquilla<\/strong>; sin embargo, no podr\u00e1 ver acci\u00f3n con su selecci\u00f3n el pr\u00f3ximo 31 de agosto, aunque no se descarta que pueda tener minutos ante <strong>Brasil<\/strong> pero antes tendr\u00e1 que ser avaluado por el conjunto alem\u00e1n para determinar su estado f\u00edsico.<\/p>\n<p>&nbsp;<\/p>\n<blockquote class=\"twitter-tweet\" data-lang=\"es\">\n<p dir=\"ltr\" lang=\"es\">Tras un acuerdo con la Federaci\u00f3n Colombiana de F\u00fatbol, <a href=\"https:\/\/twitter.com\/jamesdrodriguez\">@jamesdrodriguez<\/a> viajar\u00e1 a la concentraci\u00f3n de su selecci\u00f3n &#x1f1e8;&#x1f1f4; <a href=\"https:\/\/t.co\/BSg8Ahi7K6\">pic.twitter.com\/BSg8Ahi7K6<\/a><\/p>\n<p>\u2014 FC Bayern Espa\u00f1ol (@FCBayernES) <a href=\"https:\/\/twitter.com\/FCBayernES\/status\/901805020823379970\">27 de agosto de 2017<\/a><\/p><\/blockquote>\n<p><script async src=\"\/\/platform.twitter.com\/widgets.js\" charset=\"utf-8\"><\/script><\/p>\n","protected":false},"excerpt":{"rendered":"<p>James se perder\u00e1 el juego ante Venezuela<\/p>\n","protected":false},"author":20,"featured_media":491600,"comment_status":"closed","ping_status":"closed","sticky":false,"template":"","format":"standard","meta":[],"categories":[3839],"tags":[2056,6005,6082,633],"_links":{"self":[{"href":"http:\/\/desarrollo.grupomedios.com\/futbol\/wp-json\/wp\/v2\/posts\/496627"}],"collection":[{"href":"http:\/\/desarrollo.grupomedios.com\/futbol\/wp-json\/wp\/v2\/posts"}],"about":[{"href":"http:\/\/desarrollo.grupomedios.com\/futbol\/wp-json\/wp\/v2\/types\/post"}],"author":[{"embeddable":true,"href":"http:\/\/desarrollo.grupomedios.com\/futbol\/wp-json\/wp\/v2\/users\/20"}],"replies":[{"embeddable":true,"href":"http:\/\/desarrollo.grupomedios.com\/futbol\/wp-json\/wp\/v2\/comments?post=496627"}],"version-history":[{"count":1,"href":"http:\/\/desarrollo.grupomedios.com\/futbol\/wp-json\/wp\/v2\/posts\/496627\/revisions"}],"predecessor-version":[{"id":496628,"href":"http:\/\/desarrollo.grupomedios.com\/futbol\/wp-json\/wp\/v2\/posts\/496627\/revisions\/496628"}],"wp:featuredmedia":[{"embeddable":true,"href":"http:\/\/desarrollo.grupomedios.com\/futbol\/wp-json\/wp\/v2\/media\/491600"}],"wp:attachment":[{"href":"http:\/\/desarrollo.grupomedios.com\/futbol\/wp-json\/wp\/v2\/media?parent=496627"}],"wp:term":[{"taxonomy":"category","embeddable":true,"href":"http:\/\/desarrollo.grupomedios.com\/futbol\/wp-json\/wp\/v2\/categories?post=496627"},{"taxonomy":"post_tag","embeddable":true,"href":"http:\/\/desarrollo.grupomedios.com\/futbol\/wp-json\/wp\/v2\/tags?post=496627"}],"curies":[{"name":"wp","href":"https:\/\/api.w.org\/{rel}","templated":true}]}}