{"id":496672,"date":"2017-08-28T08:40:35","date_gmt":"2017-08-28T13:40:35","guid":{"rendered":"https:\/\/www.futboltotal.com.mx\/?p=496672"},"modified":"2017-08-28T08:40:35","modified_gmt":"2017-08-28T13:40:35","slug":"gemido-whatsapp-se-cuela-en-transmision-fox-sports","status":"publish","type":"post","link":"http:\/\/desarrollo.grupomedios.com\/futbol\/cambio-de-juego\/gemido-whatsapp-se-cuela-en-transmision-fox-sports\/2017\/08","title":{"rendered":"Gemido de Whatsapp se cuela en transmisi\u00f3n de Fox Sports"},"content":{"rendered":"<p>La famosa broma de los <strong>gemidos de Whatsapp<\/strong> ha cobrado una nueva &#8216;v\u00edctima&#8217; en la televisi\u00f3n deportiva y ahora fue en<strong> Fox Sports Colombia<\/strong> donde cayeron en el peculiar sonido.<\/p>\n<p>Fue durante la transmisi\u00f3n del programa <em>Fox Gol Colombia<\/em> cuando se daba la noticia de la ausencia de James Rodr\u00edguez con los cafetaleros ante Venezuela para las Elimiantorias rumbo a Rusia 2018 y el sonido se col\u00f3 en la transmisi\u00f3n.<\/p>\n<p>La redes sociales no dejaron pasar la oportunidad y captaron el momento en el que el <strong>gemido de Whatsapp<\/strong> apareci\u00f3.<\/p>\n<p style=\"text-align: center;\"><span style=\"color: #3366ff;\"><a style=\"color: #3366ff;\" href=\"https:\/\/www.futboltotal.com.mx\/2017\/08\/mira-golazo-tecatito-corona-porto\/\">VER M\u00c1S: Mira el golazo de Tecatito Corona con el Porto<\/a><\/span><\/p>\n<blockquote class=\"twitter-tweet\" data-width=\"500\">\n<p lang=\"es\" dir=\"ltr\">Se\u00f1ores <a href=\"https:\/\/twitter.com\/hashtag\/FOXGolColombia?src=hash\">#FOXGolColombia<\/a> alguien del estudio cay\u00f3 con la broma de los gemidos!!! Jajaja creo que fue <a href=\"https:\/\/twitter.com\/OCordobaBBVA\">@OCordobaBBVA<\/a> qu\u00e9 dice <a href=\"https:\/\/twitter.com\/PinoCalad\">@PinoCalad<\/a> <a href=\"https:\/\/t.co\/gVAufSZv8R\">pic.twitter.com\/gVAufSZv8R<\/a><\/p>\n<p>&mdash; Alejandro Jaramillo (@jaraverde) <a href=\"https:\/\/twitter.com\/jaraverde\/status\/902000918127931392\">August 28, 2017<\/a><\/p><\/blockquote>\n<p><script async src=\"\/\/platform.twitter.com\/widgets.js\" charset=\"utf-8\"><\/script><\/p>\n<p>En transmisiones deportivas hemos visto escenas similares, como cuando un conductor de ESPN Brasil cay\u00f3 al aire y solo le quedo guardar su celular.<\/p>\n","protected":false},"excerpt":{"rendered":"<p>La broma fue en plena transmisi\u00f3n en vivo.<\/p>\n","protected":false},"author":20,"featured_media":496673,"comment_status":"closed","ping_status":"closed","sticky":false,"template":"","format":"standard","meta":[],"categories":[5419],"tags":[5460],"_links":{"self":[{"href":"http:\/\/desarrollo.grupomedios.com\/futbol\/wp-json\/wp\/v2\/posts\/496672"}],"collection":[{"href":"http:\/\/desarrollo.grupomedios.com\/futbol\/wp-json\/wp\/v2\/posts"}],"about":[{"href":"http:\/\/desarrollo.grupomedios.com\/futbol\/wp-json\/wp\/v2\/types\/post"}],"author":[{"embeddable":true,"href":"http:\/\/desarrollo.grupomedios.com\/futbol\/wp-json\/wp\/v2\/users\/20"}],"replies":[{"embeddable":true,"href":"http:\/\/desarrollo.grupomedios.com\/futbol\/wp-json\/wp\/v2\/comments?post=496672"}],"version-history":[{"count":1,"href":"http:\/\/desarrollo.grupomedios.com\/futbol\/wp-json\/wp\/v2\/posts\/496672\/revisions"}],"predecessor-version":[{"id":496674,"href":"http:\/\/desarrollo.grupomedios.com\/futbol\/wp-json\/wp\/v2\/posts\/496672\/revisions\/496674"}],"wp:featuredmedia":[{"embeddable":true,"href":"http:\/\/desarrollo.grupomedios.com\/futbol\/wp-json\/wp\/v2\/media\/496673"}],"wp:attachment":[{"href":"http:\/\/desarrollo.grupomedios.com\/futbol\/wp-json\/wp\/v2\/media?parent=496672"}],"wp:term":[{"taxonomy":"category","embeddable":true,"href":"http:\/\/desarrollo.grupomedios.com\/futbol\/wp-json\/wp\/v2\/categories?post=496672"},{"taxonomy":"post_tag","embeddable":true,"href":"http:\/\/desarrollo.grupomedios.com\/futbol\/wp-json\/wp\/v2\/tags?post=496672"}],"curies":[{"name":"wp","href":"https:\/\/api.w.org\/{rel}","templated":true}]}}