{"id":496675,"date":"2017-08-28T09:06:47","date_gmt":"2017-08-28T14:06:47","guid":{"rendered":"https:\/\/www.futboltotal.com.mx\/?p=496675"},"modified":"2017-08-28T09:06:47","modified_gmt":"2017-08-28T14:06:47","slug":"benedetto-la-sorpresa-en-convocatoria-argentina","status":"publish","type":"post","link":"http:\/\/desarrollo.grupomedios.com\/futbol\/futbol-internacional\/benedetto-la-sorpresa-en-convocatoria-argentina\/2017\/08","title":{"rendered":"Benedetto, la sorpresa en convocatoria de Argentina"},"content":{"rendered":"<p>A pesar de que hace unos d\u00edas se filtr\u00f3 su convocatoria y la AFA sali\u00f3 a desmentirlo, el ex delantero del Am\u00e9rica, <strong>Dar\u00edo Benedetto<\/strong>, ha sido llamado por el t\u00e9cnico Jorge Sampaoli para poder tener su oportunidad con la<strong>\u00a0Selecci\u00f3n Argentina<\/strong><i>.<\/i><\/p>\n<p>El <em>Pipa<\/em> est\u00e1 teniendo una gran participaci\u00f3n con el conjunto <em>Xeneize<\/em>, pues ha marcado 27 goles en 32 partidos, motivo suficiente para que el entrenador argentino le diera una oportunidad.<\/p>\n<p>El portero de los Tigres de la UANL, Nahuel Guzm\u00e1n y el exjugador felino, Guido Pizarro, fueron parte de la lista; Guido Rodr\u00edguez, volante de Am\u00e9rica, quien hab\u00eda sido parte del equipo en convocatorias anteriores, qued\u00f3 fuera.<\/p>\n<p style=\"text-align: center;\"><span style=\"color: #3366ff;\"><a style=\"color: #3366ff;\" href=\"https:\/\/www.futboltotal.com.mx\/2017\/08\/cuanto-tendria-que-pagar-un-club-al-madrid-por-asensio\/\">VER M\u00c1S: \u00bfCu\u00e1nto tendr\u00eda que pagar un club al Madrid por Asensio?<\/a><\/span><\/p>\n<blockquote class=\"twitter-tweet\" data-width=\"500\">\n<p lang=\"es\" dir=\"ltr\">[SELECCI\u00d3N MAYOR] Pinola, Bustos, Benedetto y Acosta son los convocados del f\u00fatbol local que completan la n\u00f3mina para las <a href=\"https:\/\/twitter.com\/hashtag\/Eliminatorias?src=hash\">#Eliminatorias<\/a>. <a href=\"https:\/\/t.co\/XTi7uu0O36\">pic.twitter.com\/XTi7uu0O36<\/a><\/p>\n<p>&mdash; Selecci\u00f3n Argentina (@Argentina) <a href=\"https:\/\/twitter.com\/Argentina\/status\/901974580264390657\">August 28, 2017<\/a><\/p><\/blockquote>\n<p><script async src=\"\/\/platform.twitter.com\/widgets.js\" charset=\"utf-8\"><\/script><\/p>\n<p>Adem\u00e1s de <strong>Benedetto<\/strong>, Javier Pinola (River Plate), Fabricio Bustos (Independiente) y Lautaro Acosta (Lan\u00fas) son las caras del futbol local que consider\u00f3 Samapoli para los duelos ante Uruguay y Venezuela.<\/p>\n","protected":false},"excerpt":{"rendered":"<p>El Pipa est\u00e1 teniendo una gran, ha marcado 27 goles en 32 partidos<\/p>\n","protected":false},"author":20,"featured_media":486257,"comment_status":"closed","ping_status":"closed","sticky":false,"template":"","format":"standard","meta":[],"categories":[3839],"tags":[5996,3876,6447,6214],"_links":{"self":[{"href":"http:\/\/desarrollo.grupomedios.com\/futbol\/wp-json\/wp\/v2\/posts\/496675"}],"collection":[{"href":"http:\/\/desarrollo.grupomedios.com\/futbol\/wp-json\/wp\/v2\/posts"}],"about":[{"href":"http:\/\/desarrollo.grupomedios.com\/futbol\/wp-json\/wp\/v2\/types\/post"}],"author":[{"embeddable":true,"href":"http:\/\/desarrollo.grupomedios.com\/futbol\/wp-json\/wp\/v2\/users\/20"}],"replies":[{"embeddable":true,"href":"http:\/\/desarrollo.grupomedios.com\/futbol\/wp-json\/wp\/v2\/comments?post=496675"}],"version-history":[{"count":1,"href":"http:\/\/desarrollo.grupomedios.com\/futbol\/wp-json\/wp\/v2\/posts\/496675\/revisions"}],"predecessor-version":[{"id":496679,"href":"http:\/\/desarrollo.grupomedios.com\/futbol\/wp-json\/wp\/v2\/posts\/496675\/revisions\/496679"}],"wp:featuredmedia":[{"embeddable":true,"href":"http:\/\/desarrollo.grupomedios.com\/futbol\/wp-json\/wp\/v2\/media\/486257"}],"wp:attachment":[{"href":"http:\/\/desarrollo.grupomedios.com\/futbol\/wp-json\/wp\/v2\/media?parent=496675"}],"wp:term":[{"taxonomy":"category","embeddable":true,"href":"http:\/\/desarrollo.grupomedios.com\/futbol\/wp-json\/wp\/v2\/categories?post=496675"},{"taxonomy":"post_tag","embeddable":true,"href":"http:\/\/desarrollo.grupomedios.com\/futbol\/wp-json\/wp\/v2\/tags?post=496675"}],"curies":[{"name":"wp","href":"https:\/\/api.w.org\/{rel}","templated":true}]}}