{"id":496763,"date":"2017-08-28T12:32:02","date_gmt":"2017-08-28T17:32:02","guid":{"rendered":"https:\/\/www.futboltotal.com.mx\/?p=496763"},"modified":"2017-08-28T12:32:02","modified_gmt":"2017-08-28T17:32:02","slug":"leon-ya-tendria-al-sustituto-javier-torrente","status":"publish","type":"post","link":"http:\/\/desarrollo.grupomedios.com\/futbol\/futbol-mexicano\/leon-ya-tendria-al-sustituto-javier-torrente\/2017\/08","title":{"rendered":"Le\u00f3n ya tendr\u00eda al sustituto de Javier Torrente"},"content":{"rendered":"<p>Luego de que <span style=\"color: #3366ff;\"><a style=\"color: #3366ff;\" href=\"https:\/\/www.futboltotal.com.mx\/2017\/08\/javier-torrente-destituido-leon\/\" target=\"_blank\" rel=\"noopener noreferrer\">Le\u00f3n decidiera cesar al argentino Javier Torrente<\/a><\/span> por los malos resultados en el Apertura 2017, el conjunto <em>Esmeralda<\/em> ya tendr\u00eda en la mira al sustituto para dirigir el club.<\/p>\n<p>El elegido ser\u00eda el uruguayo<strong> Gustavo D\u00edaz<\/strong>, quien en las \u00faltimas semanas estuvo como t\u00e9cnico de la U Cat\u00f3lica de Ecuador y en la \u00faltima pr\u00e1ctica del equipo se despidi\u00f3 de sus jugadores, dando por hecho su llegada a la Liga Bancomer MX, as\u00ed lo informa la prensa de su pa\u00eds.<\/p>\n<p><strong>Torrente<\/strong> perdi\u00f3 el fin de semana en contra de Santos, lo que provoc\u00f3 su salida y la carta del presidente Jes\u00fas Mart\u00ednez Jr, quien anunci\u00f3 la salida del timonel.<\/p>\n<p style=\"text-align: center;\"><span style=\"color: #3366ff;\"><a style=\"color: #3366ff;\" href=\"https:\/\/www.futboltotal.com.mx\/2017\/08\/canterano-del-manchester-united-sera-nuevo-jugador-del-atlas\/\">VER M\u00c1S: Canterano del Manchester United ser\u00e1 nuevo jugador del Atlas<\/a><\/span><\/p>\n<blockquote class=\"twitter-tweet\" data-width=\"500\">\n<p lang=\"und\" dir=\"ltr\"><a href=\"https:\/\/t.co\/rpVH6opd2P\">pic.twitter.com\/rpVH6opd2P<\/a><\/p>\n<p>&mdash; Jesus Martinez M. (@jmartinez_leon) <a href=\"https:\/\/twitter.com\/jmartinez_leon\/status\/901652746679365636\">August 27, 2017<\/a><\/p><\/blockquote>\n<p><script async src=\"\/\/platform.twitter.com\/widgets.js\" charset=\"utf-8\"><\/script><\/p>\n<p><strong>D\u00edaz<\/strong> no ha ganado t\u00edtulos de liga en sus nueve a\u00f1os en los banquillos. Adem\u00e1s, cuenta con pasado en el Ascenso MX al dirigir a Celaya a\u00f1o y medio donde tuvo un saldo de 26 triunfos, 19 empates y 21 derrotas.<\/p>\n","protected":false},"excerpt":{"rendered":"<p>Los esmeraldas traer\u00edan a otro entrenador sudamericano.<\/p>\n","protected":false},"author":20,"featured_media":496764,"comment_status":"closed","ping_status":"closed","sticky":false,"template":"","format":"standard","meta":[],"categories":[2198,3845],"tags":[5965,64],"_links":{"self":[{"href":"http:\/\/desarrollo.grupomedios.com\/futbol\/wp-json\/wp\/v2\/posts\/496763"}],"collection":[{"href":"http:\/\/desarrollo.grupomedios.com\/futbol\/wp-json\/wp\/v2\/posts"}],"about":[{"href":"http:\/\/desarrollo.grupomedios.com\/futbol\/wp-json\/wp\/v2\/types\/post"}],"author":[{"embeddable":true,"href":"http:\/\/desarrollo.grupomedios.com\/futbol\/wp-json\/wp\/v2\/users\/20"}],"replies":[{"embeddable":true,"href":"http:\/\/desarrollo.grupomedios.com\/futbol\/wp-json\/wp\/v2\/comments?post=496763"}],"version-history":[{"count":1,"href":"http:\/\/desarrollo.grupomedios.com\/futbol\/wp-json\/wp\/v2\/posts\/496763\/revisions"}],"predecessor-version":[{"id":496765,"href":"http:\/\/desarrollo.grupomedios.com\/futbol\/wp-json\/wp\/v2\/posts\/496763\/revisions\/496765"}],"wp:featuredmedia":[{"embeddable":true,"href":"http:\/\/desarrollo.grupomedios.com\/futbol\/wp-json\/wp\/v2\/media\/496764"}],"wp:attachment":[{"href":"http:\/\/desarrollo.grupomedios.com\/futbol\/wp-json\/wp\/v2\/media?parent=496763"}],"wp:term":[{"taxonomy":"category","embeddable":true,"href":"http:\/\/desarrollo.grupomedios.com\/futbol\/wp-json\/wp\/v2\/categories?post=496763"},{"taxonomy":"post_tag","embeddable":true,"href":"http:\/\/desarrollo.grupomedios.com\/futbol\/wp-json\/wp\/v2\/tags?post=496763"}],"curies":[{"name":"wp","href":"https:\/\/api.w.org\/{rel}","templated":true}]}}