{"id":496770,"date":"2017-08-28T14:01:51","date_gmt":"2017-08-28T19:01:51","guid":{"rendered":"https:\/\/www.futboltotal.com.mx\/?p=496770"},"modified":"2017-08-28T14:01:51","modified_gmt":"2017-08-28T19:01:51","slug":"caliente-practica-del-real-madrid-carvajal-exploto-asensio","status":"publish","type":"post","link":"http:\/\/desarrollo.grupomedios.com\/futbol\/futbol-internacional\/caliente-practica-del-real-madrid-carvajal-exploto-asensio\/2017\/08","title":{"rendered":"Caliente pr\u00e1ctica del Real Madrid: Carvajal explot\u00f3 con Asensio"},"content":{"rendered":"<p>El <strong>Real<\/strong> <strong>Madrid<\/strong> volvi\u00f3 a los entrenamientos luego de empatar con el <strong>Valencia<\/strong> en la segunda jornada de la Liga espa\u00f1ola, aunque los \u00e1nimos no estuvieron muy tranquilos por parte de algunas figuras merengues, como\u00a0<strong>Dani Carvajal<\/strong>, quien durante la pr\u00e1ctica sufri\u00f3 un &#8216;accidente&#8217; en el &#8216;torito&#8217; que realizaban los jugadores.<\/p>\n<p>Uno de sus compa\u00f1eros desvi\u00f3 el esf\u00e9rico y este se estrell\u00f3 en el rostro de Carvajal, quien de inmediato se fue al c\u00e9sped por el dolor del impacto. Las asistencias m\u00e9dicas lo revisaban, pero <strong>Marco Asensio<\/strong> tuvo el detalle de mandar la pelota de vuelta hacia donde yac\u00eda Carvajal, quien se olvid\u00f3 del golpe recibido, tom\u00f3 el esf\u00e9rico y le mand\u00f3 un ca\u00f1onazo a su compa\u00f1ero.<\/p>\n<p style=\"text-align: center;\"><a href=\"https:\/\/www.futboltotal.com.mx\/2017\/08\/11-ideal-la-jornada-7-del-apertura-2017\/\" target=\"_blank\" rel=\"noopener noreferrer\"><span style=\"color: #333399;\">VER M\u00c1S: El 11 ideal de la Jornada 7 del Apertura 2017<\/span><\/a><\/p>\n<p>En su rostro se ve\u00eda el enojo por sentirse v\u00edctima de las burlas, adem\u00e1s de que la risa de compa\u00f1eros como Lucas V\u00e1zquez no ayudaban. Para fortuna del madridismo, todo acab\u00f3 con un Carvajal m\u00e1s tranquilo y de buen humor.<\/p>\n<p>&nbsp;<\/p>\n<blockquote class=\"twitter-video\" data-lang=\"es\">\n<p dir=\"ltr\" lang=\"es\">Carvajal es yo en la vida, cuando menos te lo esperas&#8230;Zas!<br \/>\n<a href=\"https:\/\/t.co\/RKPX5BXlSy\">pic.twitter.com\/RKPX5BXlSy<\/a><\/p>\n<p>\u2014 nerea\u2728 (@MARCODEBILITY) <a href=\"https:\/\/twitter.com\/MARCODEBILITY\/status\/901453176993456129\">26 de agosto de 2017<\/a><\/p><\/blockquote>\n<p><script async src=\"\/\/platform.twitter.com\/widgets.js\" charset=\"utf-8\"><\/script><\/p>\n","protected":false},"excerpt":{"rendered":"<p>El empate ante Valencia parece haber ca\u00eddo mal al interior del plantel.<\/p>\n","protected":false},"author":20,"featured_media":496783,"comment_status":"closed","ping_status":"closed","sticky":false,"template":"","format":"standard","meta":[],"categories":[5419,3839],"tags":[8040,6116,5988],"_links":{"self":[{"href":"http:\/\/desarrollo.grupomedios.com\/futbol\/wp-json\/wp\/v2\/posts\/496770"}],"collection":[{"href":"http:\/\/desarrollo.grupomedios.com\/futbol\/wp-json\/wp\/v2\/posts"}],"about":[{"href":"http:\/\/desarrollo.grupomedios.com\/futbol\/wp-json\/wp\/v2\/types\/post"}],"author":[{"embeddable":true,"href":"http:\/\/desarrollo.grupomedios.com\/futbol\/wp-json\/wp\/v2\/users\/20"}],"replies":[{"embeddable":true,"href":"http:\/\/desarrollo.grupomedios.com\/futbol\/wp-json\/wp\/v2\/comments?post=496770"}],"version-history":[{"count":2,"href":"http:\/\/desarrollo.grupomedios.com\/futbol\/wp-json\/wp\/v2\/posts\/496770\/revisions"}],"predecessor-version":[{"id":496814,"href":"http:\/\/desarrollo.grupomedios.com\/futbol\/wp-json\/wp\/v2\/posts\/496770\/revisions\/496814"}],"wp:featuredmedia":[{"embeddable":true,"href":"http:\/\/desarrollo.grupomedios.com\/futbol\/wp-json\/wp\/v2\/media\/496783"}],"wp:attachment":[{"href":"http:\/\/desarrollo.grupomedios.com\/futbol\/wp-json\/wp\/v2\/media?parent=496770"}],"wp:term":[{"taxonomy":"category","embeddable":true,"href":"http:\/\/desarrollo.grupomedios.com\/futbol\/wp-json\/wp\/v2\/categories?post=496770"},{"taxonomy":"post_tag","embeddable":true,"href":"http:\/\/desarrollo.grupomedios.com\/futbol\/wp-json\/wp\/v2\/tags?post=496770"}],"curies":[{"name":"wp","href":"https:\/\/api.w.org\/{rel}","templated":true}]}}