{"id":496787,"date":"2017-08-28T14:22:36","date_gmt":"2017-08-28T19:22:36","guid":{"rendered":"https:\/\/www.futboltotal.com.mx\/?p=496787"},"modified":"2017-08-28T15:25:08","modified_gmt":"2017-08-28T20:25:08","slug":"paco-jemez-aseguro-que-el-jugador-mexicano-es-indisciplinado","status":"publish","type":"post","link":"http:\/\/desarrollo.grupomedios.com\/futbol\/futbol-mexicano\/paco-jemez-aseguro-que-el-jugador-mexicano-es-indisciplinado\/2017\/08","title":{"rendered":"Paco J\u00e9mez asegur\u00f3 que el jugador mexicano es indisciplinado"},"content":{"rendered":"<p>El t\u00e9cnico de<strong> Cruz Azul, Francisco J\u00e9mez<\/strong>, vive su segundo torneo en la <strong>Liga MX<\/strong>, tiempo que le ha servido para estudiar al futbolista azteca y encontrar sus virtudes y defectos; sin embargo, el estratega encontr\u00f3 una peculiaridad no tan buena en los futbolistas mexicanos.<\/p>\n<p style=\"text-align: center;\"><a href=\"https:\/\/www.futboltotal.com.mx\/2017\/08\/efusiva-bienvenida-daniela-basso-a-raul-jimenez-en-mexico\/\" target=\"_blank\" rel=\"noopener noreferrer\"><span style=\"color: #333399;\">VER M\u00c1S:\u00a0Efusiva bienvenida de Daniela Basso a Ra\u00fal Jim\u00e9nez en M\u00e9xico<\/span><\/a><\/p>\n<p>Para el t\u00e9cnico de los cementeros, la calidad de los jugadores mexicanos es importante, pero desafortunadamente, la falta de disciplina evite que desarrollen su nivel a tope, como ocurre con jugadores de otras latitudes.<\/p>\n<p>&#8220;El futbolista mexicano es de un talento alto, muy bien dotado f\u00edsica y t\u00e9cnicamente, pero la mayor\u00eda de los latinos, no s\u00f3lo es una cuesti\u00f3n de los mexicanos, somos muy indisciplinados&#8221;, declar\u00f3 el espa\u00f1ol en exclusiva para el portal de la Liga MX.<\/p>\n<p style=\"text-align: center;\"><a href=\"https:\/\/www.futboltotal.com.mx\/2017\/08\/caliente-practica-del-real-madrid-carvajal-exploto-asensio\/\" target=\"_blank\" rel=\"noopener noreferrer\"><span style=\"color: #333399;\">VER M\u00c1S:\u00a0Caliente pr\u00e1ctica del Real Madrid: Carvajal explot\u00f3 con Asensio<\/span><\/a><\/p>\n<p>Pese a ese peque\u00f1o o gran defecto, <strong>J\u00e9mez<\/strong> recalc\u00f3 otras cualidades favorables de los jugadores mexicanos y latinos, entre las que destacan la inteligencia y facilidad de comprensi\u00f3n.<\/p>\n<blockquote><p>&#8220;Somos muy inteligentes, muy vivos, muy r\u00e1pidos, cogemos las cosas al vuelo, pero luego nos falta disciplina. Creo que ese es el factor que a muchos jugadores, me refiero a todo lo latino, les falta para dar ese salto de calidad&#8221;.<\/p>\n<p>&#8220;El talento por s\u00ed solo no te lleva a ning\u00fan sitio si no lo enfocas a un grupo, al sacrificio y disciplina dentro de un grupo. Creo que aqu\u00ed hay jugadores con un gran nivel, equipos con un gran nivel, pero por nuestra naturaleza nos falta un poquito de disciplina para dar ese salto&#8221;.<\/p><\/blockquote>\n<p style=\"text-align: center;\"><a href=\"https:\/\/www.futboltotal.com.mx\/2017\/08\/11-infame-la-jornada-7-del-apertura-2017\/\" target=\"_blank\" rel=\"noopener noreferrer\"><span style=\"color: #333399;\">VER M\u00c1S:\u00a0El 11 infame de la jornada 7 del Apertura 2017<\/span><\/a><\/p>\n","protected":false},"excerpt":{"rendered":"<p>Paco J\u00e9mez encontr\u00f3 el tal\u00f3n de Aquiles de los futbolistas mexicanos<\/p>\n","protected":false},"author":20,"featured_media":493820,"comment_status":"closed","ping_status":"closed","sticky":false,"template":"","format":"standard","meta":[],"categories":[2198,3845],"tags":[5962,64,7053],"_links":{"self":[{"href":"http:\/\/desarrollo.grupomedios.com\/futbol\/wp-json\/wp\/v2\/posts\/496787"}],"collection":[{"href":"http:\/\/desarrollo.grupomedios.com\/futbol\/wp-json\/wp\/v2\/posts"}],"about":[{"href":"http:\/\/desarrollo.grupomedios.com\/futbol\/wp-json\/wp\/v2\/types\/post"}],"author":[{"embeddable":true,"href":"http:\/\/desarrollo.grupomedios.com\/futbol\/wp-json\/wp\/v2\/users\/20"}],"replies":[{"embeddable":true,"href":"http:\/\/desarrollo.grupomedios.com\/futbol\/wp-json\/wp\/v2\/comments?post=496787"}],"version-history":[{"count":1,"href":"http:\/\/desarrollo.grupomedios.com\/futbol\/wp-json\/wp\/v2\/posts\/496787\/revisions"}],"predecessor-version":[{"id":496788,"href":"http:\/\/desarrollo.grupomedios.com\/futbol\/wp-json\/wp\/v2\/posts\/496787\/revisions\/496788"}],"wp:featuredmedia":[{"embeddable":true,"href":"http:\/\/desarrollo.grupomedios.com\/futbol\/wp-json\/wp\/v2\/media\/493820"}],"wp:attachment":[{"href":"http:\/\/desarrollo.grupomedios.com\/futbol\/wp-json\/wp\/v2\/media?parent=496787"}],"wp:term":[{"taxonomy":"category","embeddable":true,"href":"http:\/\/desarrollo.grupomedios.com\/futbol\/wp-json\/wp\/v2\/categories?post=496787"},{"taxonomy":"post_tag","embeddable":true,"href":"http:\/\/desarrollo.grupomedios.com\/futbol\/wp-json\/wp\/v2\/tags?post=496787"}],"curies":[{"name":"wp","href":"https:\/\/api.w.org\/{rel}","templated":true}]}}