{"id":496789,"date":"2017-08-28T14:40:39","date_gmt":"2017-08-28T19:40:39","guid":{"rendered":"https:\/\/www.futboltotal.com.mx\/?p=496789"},"modified":"2017-08-28T14:40:39","modified_gmt":"2017-08-28T19:40:39","slug":"ferretti-aseguro-que-no-tiene-11-ideal-sino-15-ideal","status":"publish","type":"post","link":"http:\/\/desarrollo.grupomedios.com\/futbol\/futbol-mexicano\/ferretti-aseguro-que-no-tiene-11-ideal-sino-15-ideal\/2017\/08","title":{"rendered":"Ferretti asegur\u00f3 que no tiene un 11 ideal sino 15 ideal"},"content":{"rendered":"<p><strong>Tigres<\/strong> es uno de los clubes m\u00e1s poderosos del <strong>Apertura 2017<\/strong> y de los que m\u00e1s rotaciones de jugadores ha hecho en lo que va de la campa\u00f1a, tanto en <strong>Liga MX<\/strong> como en <strong>Copa MX<\/strong>, situaci\u00f3n que justific\u00f3 el t\u00e9cnico brasile\u00f1o <strong>Ricardo Ferretti.<\/strong><\/p>\n<blockquote><p>&#8220;Yo no tengo 11 ideal tengo el 15 ideal, gracias a la directiva que hace esfuerzos para traer buenos jugadores, ahora he buscado dosificar en ciertas posiciones, pero siempre he respetado y sigo respetando la jerarqu\u00eda, nada m\u00e1s que tengo a 15 jugadores de mucha jerarqu\u00eda. No es f\u00e1cil tomar decisiones y dejar a uno de ellos fuera pero ellos entienden&#8221;.<\/p><\/blockquote>\n<p style=\"text-align: center;\"><a href=\"https:\/\/www.futboltotal.com.mx\/2017\/08\/ex-miss-bum-bum-celebra-a-pique-provocativa-foto\/\" target=\"_blank\" rel=\"noopener noreferrer\"><span style=\"color: #333399;\">VER M\u00c1S:\u00a0Ex miss BumBum celebra a Piqu\u00e9 con provocativa foto<\/span><\/a><\/p>\n<p>El timonel felino aprovech\u00f3 para hablar del buen paso del odiado rival<strong> Monterrey,<\/strong> equipo que marcha invicto y como l\u00edder general de la clasificaci\u00f3n.<\/p>\n<blockquote><p>&#8220;Quisiera estar en el lugar de Monterrey, c\u00f3mo no. No tenemos envidia de nadie. Que les vaya muy bien, que Dios los bendiga&#8221;.<\/p><\/blockquote>\n<p style=\"text-align: center;\"><a href=\"https:\/\/www.futboltotal.com.mx\/2017\/08\/paco-jemez-aseguro-que-el-jugador-mexicano-es-indisciplinado\/\" target=\"_blank\" rel=\"noopener noreferrer\"><span style=\"color: #333399;\">VER M\u00c1S:\u00a0Paco J\u00e9mez asegur\u00f3 que el jugador mexicano es indisciplinado<\/span><\/a><\/p>\n<p>Los <strong>Tigres de la UANL<\/strong> viajar\u00e1n a la<strong> Ciudad de M\u00e9xico<\/strong> para enfrentar este mi\u00e9rcoles a <strong>Cruz Azul<\/strong> en la <strong>Jornada 5<\/strong> de la<strong> Copa MX<\/strong>; sin embargo, tendr\u00e1n que hacerlo sin la presencia de varios de sus jugadores titulares debido a sus compromisos con sus respectivas selecciones.<\/p>\n","protected":false},"excerpt":{"rendered":"<p>Ferretti tiene un trabuco de equipo y por eso no tiene un 11 sino un 15 ideal<\/p>\n","protected":false},"author":20,"featured_media":481052,"comment_status":"closed","ping_status":"closed","sticky":false,"template":"","format":"standard","meta":[],"categories":[2198,3845],"tags":[104,5973],"_links":{"self":[{"href":"http:\/\/desarrollo.grupomedios.com\/futbol\/wp-json\/wp\/v2\/posts\/496789"}],"collection":[{"href":"http:\/\/desarrollo.grupomedios.com\/futbol\/wp-json\/wp\/v2\/posts"}],"about":[{"href":"http:\/\/desarrollo.grupomedios.com\/futbol\/wp-json\/wp\/v2\/types\/post"}],"author":[{"embeddable":true,"href":"http:\/\/desarrollo.grupomedios.com\/futbol\/wp-json\/wp\/v2\/users\/20"}],"replies":[{"embeddable":true,"href":"http:\/\/desarrollo.grupomedios.com\/futbol\/wp-json\/wp\/v2\/comments?post=496789"}],"version-history":[{"count":1,"href":"http:\/\/desarrollo.grupomedios.com\/futbol\/wp-json\/wp\/v2\/posts\/496789\/revisions"}],"predecessor-version":[{"id":496791,"href":"http:\/\/desarrollo.grupomedios.com\/futbol\/wp-json\/wp\/v2\/posts\/496789\/revisions\/496791"}],"wp:featuredmedia":[{"embeddable":true,"href":"http:\/\/desarrollo.grupomedios.com\/futbol\/wp-json\/wp\/v2\/media\/481052"}],"wp:attachment":[{"href":"http:\/\/desarrollo.grupomedios.com\/futbol\/wp-json\/wp\/v2\/media?parent=496789"}],"wp:term":[{"taxonomy":"category","embeddable":true,"href":"http:\/\/desarrollo.grupomedios.com\/futbol\/wp-json\/wp\/v2\/categories?post=496789"},{"taxonomy":"post_tag","embeddable":true,"href":"http:\/\/desarrollo.grupomedios.com\/futbol\/wp-json\/wp\/v2\/tags?post=496789"}],"curies":[{"name":"wp","href":"https:\/\/api.w.org\/{rel}","templated":true}]}}