{"id":496815,"date":"2017-08-28T16:24:38","date_gmt":"2017-08-28T21:24:38","guid":{"rendered":"https:\/\/www.futboltotal.com.mx\/?p=496815"},"modified":"2017-08-28T16:29:29","modified_gmt":"2017-08-28T21:29:29","slug":"se-filtra-audio-donde-tecnico-independiente-critica-a-zelarayan","status":"publish","type":"post","link":"http:\/\/desarrollo.grupomedios.com\/futbol\/futbol-mexicano\/se-filtra-audio-donde-tecnico-independiente-critica-a-zelarayan\/2017\/08","title":{"rendered":"Se filtra audio donde t\u00e9cnico de Independiente critica a Zelaray\u00e1n"},"content":{"rendered":"<p>Hace unos d\u00edas se rumor\u00f3 la posible salida de <strong>Lucas Zelaray\u00e1n<\/strong> de Tigres, pero parece que el destino del jugador argentino no ser\u00e1 en<strong> Independiente de Avellaneda<\/strong>, club que seg\u00fan lo pretend\u00eda.<\/p>\n<p>Y es que tras el inicio de la S\u00faper Liga Argentina, en donde el<em> Rojo<\/em> derrot\u00f3 3-1 a Hurac\u00e1n, el t\u00e9cnico Jorge Puma Damini, habl\u00f3 con un directivo del club y se filt\u00f3 un audio donde critica al jugador de Tigres.<\/p>\n<p style=\"text-align: center;\"><span style=\"color: #3366ff;\"><a style=\"color: #3366ff;\" href=\"https:\/\/www.futboltotal.com.mx\/2017\/08\/11-infame-la-jornada-7-del-apertura-2017\/\">VER M\u00c1S: El 11 infame de la jornada 7 del Apertura 2017<\/a><\/span><\/p>\n<p>\u201cYo no le voy hacer tirar la g\u00fcita a ustedes ni voy a traer a un jugador que no voy a poner, no corre <strong>Zelaray\u00e1n<\/strong>, no es un jugador de alto rendimiento\u201d se lo escucha decir al entrenador de Independiente.<\/p>\n<p>Todav\u00eda el t\u00e9cnico de los <em>Diablos Rojos<\/em> recalc\u00f3. \u201cPodra hacer goles, podr\u00e1 jugar bien y todo, pero no es de alto rendimiento. Este no hizo pie en M\u00e9xico \u00a1en M\u00e9xico no hizo pie!\u201d.<\/p>\n<p><iframe loading=\"lazy\" src=\"https:\/\/www.youtube.com\/embed\/EeoWm8ZBoCw?feature=oembed\" frameborder=\"0\" allowfullscreen><\/iframe><\/p>\n","protected":false},"excerpt":{"rendered":"<p>El t\u00e9cnico arremeti\u00f3 contra el jugador de los Tigres.<\/p>\n","protected":false},"author":20,"featured_media":492460,"comment_status":"closed","ping_status":"closed","sticky":false,"template":"","format":"standard","meta":[],"categories":[3839,2198],"tags":[8084,5973],"_links":{"self":[{"href":"http:\/\/desarrollo.grupomedios.com\/futbol\/wp-json\/wp\/v2\/posts\/496815"}],"collection":[{"href":"http:\/\/desarrollo.grupomedios.com\/futbol\/wp-json\/wp\/v2\/posts"}],"about":[{"href":"http:\/\/desarrollo.grupomedios.com\/futbol\/wp-json\/wp\/v2\/types\/post"}],"author":[{"embeddable":true,"href":"http:\/\/desarrollo.grupomedios.com\/futbol\/wp-json\/wp\/v2\/users\/20"}],"replies":[{"embeddable":true,"href":"http:\/\/desarrollo.grupomedios.com\/futbol\/wp-json\/wp\/v2\/comments?post=496815"}],"version-history":[{"count":3,"href":"http:\/\/desarrollo.grupomedios.com\/futbol\/wp-json\/wp\/v2\/posts\/496815\/revisions"}],"predecessor-version":[{"id":496827,"href":"http:\/\/desarrollo.grupomedios.com\/futbol\/wp-json\/wp\/v2\/posts\/496815\/revisions\/496827"}],"wp:featuredmedia":[{"embeddable":true,"href":"http:\/\/desarrollo.grupomedios.com\/futbol\/wp-json\/wp\/v2\/media\/492460"}],"wp:attachment":[{"href":"http:\/\/desarrollo.grupomedios.com\/futbol\/wp-json\/wp\/v2\/media?parent=496815"}],"wp:term":[{"taxonomy":"category","embeddable":true,"href":"http:\/\/desarrollo.grupomedios.com\/futbol\/wp-json\/wp\/v2\/categories?post=496815"},{"taxonomy":"post_tag","embeddable":true,"href":"http:\/\/desarrollo.grupomedios.com\/futbol\/wp-json\/wp\/v2\/tags?post=496815"}],"curies":[{"name":"wp","href":"https:\/\/api.w.org\/{rel}","templated":true}]}}