{"id":496828,"date":"2017-08-28T16:51:55","date_gmt":"2017-08-28T21:51:55","guid":{"rendered":"https:\/\/www.futboltotal.com.mx\/?p=496828"},"modified":"2017-08-28T16:51:55","modified_gmt":"2017-08-28T21:51:55","slug":"sergio-ramos-pide-respeto-gerard-pique","status":"publish","type":"post","link":"http:\/\/desarrollo.grupomedios.com\/futbol\/futbol-internacional\/sergio-ramos-pide-respeto-gerard-pique\/2017\/08","title":{"rendered":"Sergio Ramos pide respeto para Gerard Piqu\u00e9"},"content":{"rendered":"<p>Antes de que inici\u00e9\u00a0el partido que disputar\u00e1n Espa\u00f1a e Italia rumbo a las eliminatorias de Rusia 2018 en el Santiago Bernab\u00e9u, <strong>Sergio Ramos<\/strong> ha comenzado\u00a0a hacerla de &#8216;anfitri\u00f3n&#8217; pidiendo respeto para cuando<strong> Gerard Piqu\u00e9<\/strong> est\u00e9 en la cancha.<\/p>\n<p>El defensa \u00a0ya lleva un rato soportando a la afici\u00f3n del Real Madrid cada que visita la<em> Casa Blanca<\/em> con el Barcelona, pues parece que en esta ocasi\u00f3n tambi\u00e9n habr\u00e1 pitidos aunque sea con <em>La Furia Roja<\/em>, tema que incomoda cada vez m\u00e1s en el seno de la selecci\u00f3n.<\/p>\n<p style=\"text-align: center;\"><span style=\"color: #3366ff;\"><a style=\"color: #3366ff;\" href=\"https:\/\/www.futboltotal.com.mx\/2017\/08\/revelan-estadios-estaran-en-fifa-18\/\">VER M\u00c1S: Revelan estadios que estar\u00e1n en FIFA 18<\/a><\/span><\/p>\n<p>\u201c(No debe haber pitadas) para <strong>Piqu\u00e9<\/strong>, ni para nadie. Hay que respetar siempre a los jugadores\u201d, se\u00f1al\u00f3 <strong>Ramos a su llegada a la concentraci\u00f3n del combinado ib\u00e9rico este lunes. El defensa ha pedido a los seguidores de la selecci\u00f3n espa\u00f1ola \u201cque apoyen. Ser\u00e1<\/strong> un partido tenso y dif\u00edcil\u201d.<\/p>\n<p>El defensa del Real Madrid sabe que la mayor\u00eda del p\u00fablico ser\u00e1 Merengue,por lo que conoce de lo que son capaces por lo que duda pedirles que no se metan con sus jugadores, pues \u00e9l sabe la exigencia que tiene el<strong> Bernab\u00e9u<\/strong>.<\/p>\n<p>\u201cEs algo que aqu\u00ed no va a cambiar. Ha pasado, pasar\u00e1 y seguir\u00e1 pasando. El nivel de exigencia el Bernab\u00e9u te lo hace sentir. Cuando te toca vivirlo no es agradable, pero tienes que aprender a vivir con ello e irte a casa con la conciencia tranquila de haberlo dado todo. Todos lo hemos vivido\u201d, coment\u00f3 el capit\u00e1n.<\/p>\n<p style=\"text-align: center;\"><span style=\"color: #3366ff;\"><a style=\"color: #3366ff;\" href=\"https:\/\/www.futboltotal.com.mx\/2017\/08\/se-filtra-audio-donde-tecnico-independiente-critica-a-zelarayan\/\">VER M\u00c1S: Se filtra audio donde t\u00e9cnico de Independiente critica a Zelaray\u00e1n<\/a><\/span><\/p>\n<p>Pas\u00f3 este mismo fin de semana. Karim Benzema y Gareth Bale se han llevado las primeras rechiflas de la campa\u00f1a durante el empate 2-2 entre Real Madrid y Valencia en el encuentro disputado el domingo &#8211; poco m\u00e1s de una semana despu\u00e9s de que con ambos delanteros a bordo, Real Madrid conquistara su segundo t\u00edtulo de la campa\u00f1a, la Supercopa de Espa\u00f1a, al vencer al Barcelona por doble partida.<\/p>\n","protected":false},"excerpt":{"rendered":"<p>Espa\u00f1a jugar\u00e1 como local en el Santiago Bernab\u00e9u.<\/p>\n","protected":false},"author":20,"featured_media":496835,"comment_status":"closed","ping_status":"closed","sticky":false,"template":"","format":"standard","meta":[],"categories":[3839],"tags":[253,6214,6015,6020],"_links":{"self":[{"href":"http:\/\/desarrollo.grupomedios.com\/futbol\/wp-json\/wp\/v2\/posts\/496828"}],"collection":[{"href":"http:\/\/desarrollo.grupomedios.com\/futbol\/wp-json\/wp\/v2\/posts"}],"about":[{"href":"http:\/\/desarrollo.grupomedios.com\/futbol\/wp-json\/wp\/v2\/types\/post"}],"author":[{"embeddable":true,"href":"http:\/\/desarrollo.grupomedios.com\/futbol\/wp-json\/wp\/v2\/users\/20"}],"replies":[{"embeddable":true,"href":"http:\/\/desarrollo.grupomedios.com\/futbol\/wp-json\/wp\/v2\/comments?post=496828"}],"version-history":[{"count":1,"href":"http:\/\/desarrollo.grupomedios.com\/futbol\/wp-json\/wp\/v2\/posts\/496828\/revisions"}],"predecessor-version":[{"id":496836,"href":"http:\/\/desarrollo.grupomedios.com\/futbol\/wp-json\/wp\/v2\/posts\/496828\/revisions\/496836"}],"wp:featuredmedia":[{"embeddable":true,"href":"http:\/\/desarrollo.grupomedios.com\/futbol\/wp-json\/wp\/v2\/media\/496835"}],"wp:attachment":[{"href":"http:\/\/desarrollo.grupomedios.com\/futbol\/wp-json\/wp\/v2\/media?parent=496828"}],"wp:term":[{"taxonomy":"category","embeddable":true,"href":"http:\/\/desarrollo.grupomedios.com\/futbol\/wp-json\/wp\/v2\/categories?post=496828"},{"taxonomy":"post_tag","embeddable":true,"href":"http:\/\/desarrollo.grupomedios.com\/futbol\/wp-json\/wp\/v2\/tags?post=496828"}],"curies":[{"name":"wp","href":"https:\/\/api.w.org\/{rel}","templated":true}]}}