{"id":496848,"date":"2017-08-28T17:40:38","date_gmt":"2017-08-28T22:40:38","guid":{"rendered":"https:\/\/www.futboltotal.com.mx\/?p=496848"},"modified":"2017-08-28T18:14:14","modified_gmt":"2017-08-28T23:14:14","slug":"201708496848","status":"publish","type":"post","link":"http:\/\/desarrollo.grupomedios.com\/futbol\/no-todo-es-futbol\/201708496848\/2017\/08","title":{"rendered":"Sharapova se medir\u00e1 a Halep en su regreso a un Grand Slam"},"content":{"rendered":"<p><strong>Maria Sharapova<\/strong> buscar\u00e1 demostrar que a\u00fan tiene madera para disputar un <strong>US Open<\/strong>, luego de que la rusa fuera invitada para medirse a la rumana <strong>Simona Halep<\/strong>, n\u00famero 2 del mundo.<\/p>\n<p><strong>Sharapova<\/strong>, tenista ubicada en el puesto 147 de la <strong>WTA<\/strong>, har\u00e1 su primera aparici\u00f3n en un <strong>Grand Slam<\/strong> tras su sanci\u00f3n de 15 meses por dopaje, ante la rumana, quien perdi\u00f3 la posibilidad de ser la n\u00famero 1 del mundo, por tercera vez en pocos meses, luego de perder la final del <strong>Premier<\/strong> de<strong> Cincinnati<\/strong> ante<strong> Garbi\u00f1e Muguruza<\/strong>.<\/p>\n<p style=\"text-align: center;\"><a href=\"https:\/\/www.futboltotal.com.mx\/2017\/08\/ochoa-vs-corona-quien-hizo-mejor-atajada-multiple\/\" target=\"_blank\" rel=\"noopener noreferrer\"><span style=\"color: #333399;\">VER M\u00c1S:\u00a0Ochoa vs. Corona, \u00bfqui\u00e9n hizo la mejor atajada m\u00faltiple?<\/span><\/a><\/p>\n<p>A sus 30 a\u00f1os, <strong>Sharapova<\/strong> no ha pisado las pistas de <strong>Flushing Meadows<\/strong>, donde se llevar\u00e1 a cabo el torneo a partir de este\u00a028 de agosto al 10 de septiembre, desde 2014, aunque conoce a la perfecci\u00f3n lo que es alzarse con el trofeo tras conseguirlo en 2006.<\/p>\n<p>La invitaci\u00f3n del<strong> US Open<\/strong> a la tenista rusa desat\u00f3 numerosas cr\u00edticas, entre ellas la de la ex n\u00famero 1 del mundo, <strong>Angelique Kerber<\/strong>, quien declar\u00f3 que las tenistas suspendidas por dopaje no deben verse beneficiadas y recibir invitaciones.<\/p>\n<p style=\"text-align: center;\"><a href=\"https:\/\/www.futboltotal.com.mx\/2017\/08\/201708jugador-promesa-del-dortmund-se-iria-al-celta\/\" target=\"_blank\" rel=\"noopener noreferrer\"><span style=\"color: #333399;\">VER M\u00c1S:\u00a0Jugador promesa del Dortmund se ir\u00eda al Celta<\/span><\/a><\/p>\n<p style=\"text-align: center;\"><a href=\"https:\/\/www.futboltotal.com.mx\/wp-content\/uploads\/2017\/08\/halep-1.jpg\"><img decoding=\"async\" loading=\"lazy\" class=\"size-full wp-image-496852 aligncenter\" src=\"https:\/\/www.futboltotal.com.mx\/wp-content\/uploads\/2017\/08\/halep-1.jpg\" alt=\"Sharapova se medir\u00e1 a Halep en su regreso a un Grand Slam 0\" srcset=\"http:\/\/desarrollo.grupomedios.com\/futbol\/wp-content\/uploads\/2017\/08\/halep-1.jpg 1136w, http:\/\/desarrollo.grupomedios.com\/futbol\/wp-content\/uploads\/2017\/08\/halep-1-300x169.jpg 300w, http:\/\/desarrollo.grupomedios.com\/futbol\/wp-content\/uploads\/2017\/08\/halep-1-768x432.jpg 768w, http:\/\/desarrollo.grupomedios.com\/futbol\/wp-content\/uploads\/2017\/08\/halep-1-1024x576.jpg 1024w, http:\/\/desarrollo.grupomedios.com\/futbol\/wp-content\/uploads\/2017\/08\/halep-1-393x221.jpg 393w\" sizes=\"(max-width: 1136px) 100vw, 1136px\" \/><\/a><\/p>\n","protected":false},"excerpt":{"rendered":"<p>Sharapiova volver\u00e1 a un Grand Slam luego de su suspensi\u00f3n por dopaje<\/p>\n","protected":false},"author":20,"featured_media":496853,"comment_status":"closed","ping_status":"closed","sticky":false,"template":"","format":"standard","meta":[],"categories":[5418,6411],"tags":[5841,9967,9515],"_links":{"self":[{"href":"http:\/\/desarrollo.grupomedios.com\/futbol\/wp-json\/wp\/v2\/posts\/496848"}],"collection":[{"href":"http:\/\/desarrollo.grupomedios.com\/futbol\/wp-json\/wp\/v2\/posts"}],"about":[{"href":"http:\/\/desarrollo.grupomedios.com\/futbol\/wp-json\/wp\/v2\/types\/post"}],"author":[{"embeddable":true,"href":"http:\/\/desarrollo.grupomedios.com\/futbol\/wp-json\/wp\/v2\/users\/20"}],"replies":[{"embeddable":true,"href":"http:\/\/desarrollo.grupomedios.com\/futbol\/wp-json\/wp\/v2\/comments?post=496848"}],"version-history":[{"count":3,"href":"http:\/\/desarrollo.grupomedios.com\/futbol\/wp-json\/wp\/v2\/posts\/496848\/revisions"}],"predecessor-version":[{"id":496865,"href":"http:\/\/desarrollo.grupomedios.com\/futbol\/wp-json\/wp\/v2\/posts\/496848\/revisions\/496865"}],"wp:featuredmedia":[{"embeddable":true,"href":"http:\/\/desarrollo.grupomedios.com\/futbol\/wp-json\/wp\/v2\/media\/496853"}],"wp:attachment":[{"href":"http:\/\/desarrollo.grupomedios.com\/futbol\/wp-json\/wp\/v2\/media?parent=496848"}],"wp:term":[{"taxonomy":"category","embeddable":true,"href":"http:\/\/desarrollo.grupomedios.com\/futbol\/wp-json\/wp\/v2\/categories?post=496848"},{"taxonomy":"post_tag","embeddable":true,"href":"http:\/\/desarrollo.grupomedios.com\/futbol\/wp-json\/wp\/v2\/tags?post=496848"}],"curies":[{"name":"wp","href":"https:\/\/api.w.org\/{rel}","templated":true}]}}