{"id":496866,"date":"2017-08-28T18:26:46","date_gmt":"2017-08-28T23:26:46","guid":{"rendered":"https:\/\/www.futboltotal.com.mx\/?p=496866"},"modified":"2017-08-28T22:06:02","modified_gmt":"2017-08-29T03:06:02","slug":"201708496866la-volpe-hace-guino-leon-en-redes-sociales","status":"publish","type":"post","link":"http:\/\/desarrollo.grupomedios.com\/futbol\/destacado-home\/201708496866la-volpe-hace-guino-leon-en-redes-sociales\/2017\/08","title":{"rendered":"La Volpe le hace un gui\u00f1o al Le\u00f3n en redes sociales"},"content":{"rendered":"<p>El ext\u00e9cnico del<strong> Club Am\u00e9rica, Ricardo La Volpe<\/strong>, volvi\u00f3 a dar de qu\u00e9 hablar en su cuenta de <strong>Twitter<\/strong>, donde los comentarios del &#8216;Bigot\u00f3n&#8217; se han hecho bastante habituales y esta vez aprovech\u00f3 para mandarle indirectas al <strong>Le\u00f3n<\/strong>, donde asegur\u00f3 que el club es af\u00edn a \u00e9l.<\/p>\n<p style=\"text-align: center;\"><a href=\"https:\/\/www.futboltotal.com.mx\/2017\/08\/201708impactante-sesion-de-fotos-de-sharapova-previo-al-us-open\/\" target=\"_blank\" rel=\"noopener noreferrer\"><span style=\"color: #333399;\">VER M\u00c1S:\u00a0Impactante sesi\u00f3n de fotos de Sharapova previo al US Open<\/span><\/a><\/p>\n<p>El comentario se dio luego de que\u00a0un aficionado le dijera al argentino que lo esperaba en <strong>Le\u00f3n<\/strong> para hacerse cargo de<em> La Fiera<\/em>, a lo que<strong> La Volpe<\/strong> respondi\u00f3 que el club le gustaba mucho porque trabajaba con j\u00f3venes.<\/p>\n<p>&nbsp;<\/p>\n<blockquote class=\"twitter-tweet\" data-lang=\"es\">\n<p dir=\"ltr\" lang=\"es\">Gracias. Le\u00f3n es un equipo que apuesta por los j\u00f3venes desde hace tiempo, con lo cual soy af\u00edn. Es una instituci\u00f3n muy seria. <a href=\"https:\/\/t.co\/W5AvgfBPkx\">https:\/\/t.co\/W5AvgfBPkx<\/a><\/p>\n<p>\u2014 Ricardo A La Volpe (@RicardoLaVolpeG) <a href=\"https:\/\/twitter.com\/RicardoLaVolpeG\/status\/902295362349785088\">28 de agosto de 2017<\/a><\/p><\/blockquote>\n<p><script async src=\"\/\/platform.twitter.com\/widgets.js\" charset=\"utf-8\"><\/script><\/p>\n<p style=\"text-align: center;\"><a href=\"https:\/\/www.futboltotal.com.mx\/2017\/08\/496848\/sharapova-se-medira-a-halep-en-regreso-grand-slam\" target=\"_blank\" rel=\"noopener noreferrer\"><span style=\"color: #333399;\">VER M\u00c1S:\u00a0Sharapova se medir\u00e1 a Halep en su regreso a un Grand Slam<\/span><\/a><\/p>\n<p>Actualmente, el estratega argentino se encuentra sin empleo tras salir de <strong>Am\u00e9rica<\/strong> al t\u00e9rmino del <strong>Clausura 2017.<\/strong><\/p>\n","protected":false},"excerpt":{"rendered":"<p>La Volpe volvi\u00f3 a dar de qu\u00e9 hablar en su cuenta de Twitter<\/p>\n","protected":false},"author":20,"featured_media":490862,"comment_status":"closed","ping_status":"closed","sticky":false,"template":"","format":"standard","meta":[],"categories":[5,2198,3845],"tags":[5965,767],"_links":{"self":[{"href":"http:\/\/desarrollo.grupomedios.com\/futbol\/wp-json\/wp\/v2\/posts\/496866"}],"collection":[{"href":"http:\/\/desarrollo.grupomedios.com\/futbol\/wp-json\/wp\/v2\/posts"}],"about":[{"href":"http:\/\/desarrollo.grupomedios.com\/futbol\/wp-json\/wp\/v2\/types\/post"}],"author":[{"embeddable":true,"href":"http:\/\/desarrollo.grupomedios.com\/futbol\/wp-json\/wp\/v2\/users\/20"}],"replies":[{"embeddable":true,"href":"http:\/\/desarrollo.grupomedios.com\/futbol\/wp-json\/wp\/v2\/comments?post=496866"}],"version-history":[{"count":2,"href":"http:\/\/desarrollo.grupomedios.com\/futbol\/wp-json\/wp\/v2\/posts\/496866\/revisions"}],"predecessor-version":[{"id":496868,"href":"http:\/\/desarrollo.grupomedios.com\/futbol\/wp-json\/wp\/v2\/posts\/496866\/revisions\/496868"}],"wp:featuredmedia":[{"embeddable":true,"href":"http:\/\/desarrollo.grupomedios.com\/futbol\/wp-json\/wp\/v2\/media\/490862"}],"wp:attachment":[{"href":"http:\/\/desarrollo.grupomedios.com\/futbol\/wp-json\/wp\/v2\/media?parent=496866"}],"wp:term":[{"taxonomy":"category","embeddable":true,"href":"http:\/\/desarrollo.grupomedios.com\/futbol\/wp-json\/wp\/v2\/categories?post=496866"},{"taxonomy":"post_tag","embeddable":true,"href":"http:\/\/desarrollo.grupomedios.com\/futbol\/wp-json\/wp\/v2\/tags?post=496866"}],"curies":[{"name":"wp","href":"https:\/\/api.w.org\/{rel}","templated":true}]}}