{"id":496881,"date":"2017-08-28T20:19:54","date_gmt":"2017-08-29T01:19:54","guid":{"rendered":"https:\/\/www.futboltotal.com.mx\/?p=496881"},"modified":"2017-08-28T20:19:54","modified_gmt":"2017-08-29T01:19:54","slug":"201708496881jornada-7-dejo-un-saldo-de-cuatro-suspendidos","status":"publish","type":"post","link":"http:\/\/desarrollo.grupomedios.com\/futbol\/futbol-mexicano\/201708496881jornada-7-dejo-un-saldo-de-cuatro-suspendidos\/2017\/08","title":{"rendered":"La Jornada 7 dej\u00f3 un saldo de cuatro suspendidos"},"content":{"rendered":"<p>La<strong> Jornada 7<\/strong> del <strong>Apertura 2017<\/strong> de la <strong>Liga MX<\/strong> dej\u00f3 un saldo de cuatro jugadores suspendidos para la fecha 8, as\u00ed lo inform\u00f3 la <strong>Comisi\u00f3n Disciplinaria<\/strong> en su respectivo informe.<\/p>\n<p style=\"text-align: center;\"><a href=\"https:\/\/www.futboltotal.com.mx\/2017\/08\/496877\/marco-fabian-pide-apoyo-entre-mexicanos\" target=\"_blank\" rel=\"noopener noreferrer\"><span style=\"color: #333399;\">VER M\u00c1S:\u00a0Marco Fabi\u00e1n pide m\u00e1s apoyo entre mexicanos<\/span><\/a><\/p>\n<p><strong>Jorge Rolando Pereyra<\/strong> (Le\u00f3n),<strong> Eduardo Santiago Tercer<\/strong> (Lobos BUAP), <strong>V\u00edctor Guzm\u00e1n<\/strong> (Pachuca) y<strong> Jes\u00fas Gallardo<\/strong> (Pumas) son los jugadores suspendidos para la <strong>Jornada 8<\/strong>, los primeros por una segunda amarilla, mientras que los dos \u00faltimos recibieron la roja directa por juego brusco grave.<\/p>\n","protected":false},"excerpt":{"rendered":"<p>Cuatro jugadores vieron la roja en la Jornada 7 y se perder\u00e1n la fecha 8<\/p>\n","protected":false},"author":20,"featured_media":496883,"comment_status":"closed","ping_status":"closed","sticky":false,"template":"","format":"standard","meta":[],"categories":[2198,3845],"tags":[1081],"_links":{"self":[{"href":"http:\/\/desarrollo.grupomedios.com\/futbol\/wp-json\/wp\/v2\/posts\/496881"}],"collection":[{"href":"http:\/\/desarrollo.grupomedios.com\/futbol\/wp-json\/wp\/v2\/posts"}],"about":[{"href":"http:\/\/desarrollo.grupomedios.com\/futbol\/wp-json\/wp\/v2\/types\/post"}],"author":[{"embeddable":true,"href":"http:\/\/desarrollo.grupomedios.com\/futbol\/wp-json\/wp\/v2\/users\/20"}],"replies":[{"embeddable":true,"href":"http:\/\/desarrollo.grupomedios.com\/futbol\/wp-json\/wp\/v2\/comments?post=496881"}],"version-history":[{"count":2,"href":"http:\/\/desarrollo.grupomedios.com\/futbol\/wp-json\/wp\/v2\/posts\/496881\/revisions"}],"predecessor-version":[{"id":496884,"href":"http:\/\/desarrollo.grupomedios.com\/futbol\/wp-json\/wp\/v2\/posts\/496881\/revisions\/496884"}],"wp:featuredmedia":[{"embeddable":true,"href":"http:\/\/desarrollo.grupomedios.com\/futbol\/wp-json\/wp\/v2\/media\/496883"}],"wp:attachment":[{"href":"http:\/\/desarrollo.grupomedios.com\/futbol\/wp-json\/wp\/v2\/media?parent=496881"}],"wp:term":[{"taxonomy":"category","embeddable":true,"href":"http:\/\/desarrollo.grupomedios.com\/futbol\/wp-json\/wp\/v2\/categories?post=496881"},{"taxonomy":"post_tag","embeddable":true,"href":"http:\/\/desarrollo.grupomedios.com\/futbol\/wp-json\/wp\/v2\/tags?post=496881"}],"curies":[{"name":"wp","href":"https:\/\/api.w.org\/{rel}","templated":true}]}}