{"id":496885,"date":"2017-08-28T20:46:34","date_gmt":"2017-08-29T01:46:34","guid":{"rendered":"https:\/\/www.futboltotal.com.mx\/?p=496885"},"modified":"2017-08-28T20:46:34","modified_gmt":"2017-08-29T01:46:34","slug":"201708496885canelo-y-ggg-aseguraron-que-su-pelea-sera-la-mejor","status":"publish","type":"post","link":"http:\/\/desarrollo.grupomedios.com\/futbol\/box\/201708496885canelo-y-ggg-aseguraron-que-su-pelea-sera-la-mejor\/2017\/08","title":{"rendered":"&#8216;Canelo&#8217; y &#8216;GGG&#8217; aseguraron que su pelea ser\u00e1 la mejor"},"content":{"rendered":"<p>Este lunes se llev\u00f3 a cabo la pr\u00e1ctica p\u00fablica que tuvieron <strong>Sa\u00fal<\/strong> &#8216;Canelo&#8217; <strong>\u00c1lvarez<\/strong> y<strong> Gennady Golovkin<\/strong> en <strong>Los \u00c1ngeles<\/strong>, previo a su combate del pr\u00f3ximo 16 de septiembre, en donde ambos pugilistas\u00a0aseguraron que ser\u00e1 una gran pelea.<\/p>\n<p>&#8220;Creo que este es el primer paso para hacer historia. Vamos a traerles el buen boxeo de regreso, recuerdo, no se pierdan esta pelea, porque esta es una pelea de verdad, esta ser\u00e1 un pelea de box de verdad. El d\u00eda m\u00e1s grande para el boxeo&#8221;, declar\u00f3 el kazajo.<\/p>\n<p>&nbsp;<\/p>\n<blockquote class=\"twitter-video\" data-lang=\"es\">\n<p dir=\"ltr\" lang=\"es\">\u00a1WOW! <a href=\"https:\/\/twitter.com\/GGGBoxing\">@GGGBoxing<\/a> muestra algo de su poder a la afici\u00f3n de Los \u00c1ngeles. <a href=\"https:\/\/twitter.com\/hashtag\/BOXEOxESPN?src=hash\">#BOXEOxESPN<\/a>  <a href=\"https:\/\/t.co\/qtnlUxL6Cr\">pic.twitter.com\/qtnlUxL6Cr<\/a><\/p>\n<p>\u2014 ESPN Boxeo (@ESPNBoxeo) <a href=\"https:\/\/twitter.com\/ESPNBoxeo\/status\/902268925517463552\">28 de agosto de 2017<\/a><\/p><\/blockquote>\n<p><script async src=\"\/\/platform.twitter.com\/widgets.js\" charset=\"utf-8\"><\/script><\/p>\n<p style=\"text-align: center;\"><a href=\"https:\/\/www.futboltotal.com.mx\/2017\/08\/496881\/jornada-7-dejo-un-saldo-de-cuatro-suspendidos\" target=\"_blank\" rel=\"noopener noreferrer\"><span style=\"color: #333399;\">VER M\u00c1S:\u00a0La Jornada 7 dej\u00f3 un saldo de cuatro suspendidos<\/span><\/a><\/p>\n<p>Por su parte, el boxeador tapat\u00edo <strong>Sa\u00fal \u00c1lvarez<\/strong> enfatiz\u00f3 que &#8216;GGG&#8217; es m\u00e1s peligroso que <strong>Floyd Maywather Jr.<\/strong><\/p>\n<p>&#8220;Espero el mejor Golovkin, s\u00e9 que es peleador fuerte, es el peleador m\u00e1s peligroso que me voy a enfrentar en mi carrera, s\u00e9 que va a ser una gran pelea, pero s\u00e9 que puedo con esto y m\u00e1s. Estamos listos para brindarle una gran pelea al p\u00fablico, para la afici\u00f3n del boxeo, la gente mexicana que quer\u00eda esta pelea, aqu\u00ed est\u00e1&#8221;, declar\u00f3 el mexicano.<\/p>\n<p style=\"text-align: center;\"><a href=\"https:\/\/www.futboltotal.com.mx\/2017\/08\/496877\/marco-fabian-pide-apoyo-entre-mexicanos\" target=\"_blank\" rel=\"noopener noreferrer\"><span style=\"color: #333399;\">VER M\u00c1S:\u00a0Marco Fabi\u00e1n pide m\u00e1s apoyo entre mexicanos<\/span><\/a><\/p>\n<p>&nbsp;<\/p>\n<blockquote class=\"twitter-video\" data-lang=\"es\">\n<p dir=\"ltr\" lang=\"es\">\u00a1Impresionante! <a href=\"https:\/\/twitter.com\/Canelo\">@Canelo<\/a> nos da una peque\u00f1a muestra de lo que puede pasar en septiembre&#8230;<\/p>\n<p>Y la afici\u00f3n explota. <a href=\"https:\/\/t.co\/XSr7Cz6MzN\">pic.twitter.com\/XSr7Cz6MzN<\/a><\/p>\n<p>\u2014 ESPN Boxeo (@ESPNBoxeo) <a href=\"https:\/\/twitter.com\/ESPNBoxeo\/status\/902295459598921732\">28 de agosto de 2017<\/a><\/p><\/blockquote>\n<p><script async src=\"\/\/platform.twitter.com\/widgets.js\" charset=\"utf-8\"><\/script><\/p>\n<p>&nbsp;<\/p>\n<blockquote class=\"twitter-video\" data-lang=\"es\">\n<p dir=\"ltr\" lang=\"es\">\u00a1Turno del <a href=\"https:\/\/twitter.com\/Canelo\">@Canelo<\/a>! <\/p>\n<p>Ahora el mexicano demuestra su poder y t\u00e9cnica en la ciudad de Los \u00c1ngeles. <a href=\"https:\/\/twitter.com\/hashtag\/BOXEOxESPN?src=hash\">#BOXEOxESPN<\/a> <a href=\"https:\/\/t.co\/OJgnAChbbJ\">pic.twitter.com\/OJgnAChbbJ<\/a><\/p>\n<p>\u2014 ESPN Boxeo (@ESPNBoxeo) <a href=\"https:\/\/twitter.com\/ESPNBoxeo\/status\/902288359065878529\">28 de agosto de 2017<\/a><\/p><\/blockquote>\n<p><script async src=\"\/\/platform.twitter.com\/widgets.js\" charset=\"utf-8\"><\/script><\/p>\n","protected":false},"excerpt":{"rendered":"<p>Ambos pugilistas pronosticaron una gran pelea<\/p>\n","protected":false},"author":20,"featured_media":496887,"comment_status":"closed","ping_status":"closed","sticky":false,"template":"","format":"standard","meta":[],"categories":[6282],"tags":[8345,9117,9968,8537],"_links":{"self":[{"href":"http:\/\/desarrollo.grupomedios.com\/futbol\/wp-json\/wp\/v2\/posts\/496885"}],"collection":[{"href":"http:\/\/desarrollo.grupomedios.com\/futbol\/wp-json\/wp\/v2\/posts"}],"about":[{"href":"http:\/\/desarrollo.grupomedios.com\/futbol\/wp-json\/wp\/v2\/types\/post"}],"author":[{"embeddable":true,"href":"http:\/\/desarrollo.grupomedios.com\/futbol\/wp-json\/wp\/v2\/users\/20"}],"replies":[{"embeddable":true,"href":"http:\/\/desarrollo.grupomedios.com\/futbol\/wp-json\/wp\/v2\/comments?post=496885"}],"version-history":[{"count":2,"href":"http:\/\/desarrollo.grupomedios.com\/futbol\/wp-json\/wp\/v2\/posts\/496885\/revisions"}],"predecessor-version":[{"id":496888,"href":"http:\/\/desarrollo.grupomedios.com\/futbol\/wp-json\/wp\/v2\/posts\/496885\/revisions\/496888"}],"wp:featuredmedia":[{"embeddable":true,"href":"http:\/\/desarrollo.grupomedios.com\/futbol\/wp-json\/wp\/v2\/media\/496887"}],"wp:attachment":[{"href":"http:\/\/desarrollo.grupomedios.com\/futbol\/wp-json\/wp\/v2\/media?parent=496885"}],"wp:term":[{"taxonomy":"category","embeddable":true,"href":"http:\/\/desarrollo.grupomedios.com\/futbol\/wp-json\/wp\/v2\/categories?post=496885"},{"taxonomy":"post_tag","embeddable":true,"href":"http:\/\/desarrollo.grupomedios.com\/futbol\/wp-json\/wp\/v2\/tags?post=496885"}],"curies":[{"name":"wp","href":"https:\/\/api.w.org\/{rel}","templated":true}]}}