{"id":496908,"date":"2017-08-29T08:51:47","date_gmt":"2017-08-29T13:51:47","guid":{"rendered":"https:\/\/www.futboltotal.com.mx\/?p=496908"},"modified":"2017-08-29T08:51:47","modified_gmt":"2017-08-29T13:51:47","slug":"leon-anuncio-a-gustavo-diaz-nuevo-tecnico","status":"publish","type":"post","link":"http:\/\/desarrollo.grupomedios.com\/futbol\/destacado-home\/leon-anuncio-a-gustavo-diaz-nuevo-tecnico\/2017\/08","title":{"rendered":"Le\u00f3n anunci\u00f3 a Gustavo D\u00edaz como su nuevo t\u00e9cnico"},"content":{"rendered":"<p>Apenas un par de d\u00edas despu\u00e9s de que el <strong>Le\u00f3n<\/strong> anunciara la salida del argentino <strong>Javier Torrente<\/strong> del banquillo, el cuadro de <em>La Fiera<\/em> ya ha anunciado a su nuevo entrenador: <a href=\"https:\/\/www.futboltotal.com.mx\/2017\/08\/leon-ya-tendria-al-sustituto-javier-torrente\/\" target=\"_blank\" rel=\"noopener noreferrer\"><span style=\"color: #333399;\">el uruguayo <strong>Gustavo D\u00edaz<\/strong><\/span><\/a>.<\/p>\n<p>El charr\u00faa llega procedente del club <strong>Universidad Cat\u00f3lica de Quito<\/strong> y <em>La Fiera<\/em> lo anunci\u00f3 como su t\u00e9cnico, aunque a\u00fan est\u00e1 pendiente la firma de contrato.<\/p>\n<p style=\"text-align: center;\"><a href=\"https:\/\/www.futboltotal.com.mx\/2017\/08\/pachuca-america-empatan-e-imponen-record-en-liga-mx-femenil\/\" target=\"_blank\" rel=\"noopener noreferrer\"><span style=\"color: #333399;\">VER M\u00c1S: Pachuca y Am\u00e9rica empatan e imponen r\u00e9cord en Liga MX Femenil<\/span><\/a><\/p>\n<p>&nbsp;<\/p>\n<blockquote class=\"twitter-tweet\" data-lang=\"es\">\n<p dir=\"ltr\" lang=\"es\">\u00a1Con toda la garra!<br \/>\nA falta de plasmar su firma, el uruguayo Gustavo D\u00edaz es nuevo entrenador de nuestro equipo. <a href=\"https:\/\/twitter.com\/hashtag\/SerFieraEsUnOrgullo?src=hash\">#SerFieraEsUnOrgullo<\/a>  <a href=\"https:\/\/t.co\/ww8iYTwdwO\">pic.twitter.com\/ww8iYTwdwO<\/a><\/p>\n<p>\u2014 Club Le\u00f3n (@clubleonfc) <a href=\"https:\/\/twitter.com\/clubleonfc\/status\/902361571942420481\">29 de agosto de 2017<\/a><\/p><\/blockquote>\n<p><script async src=\"\/\/platform.twitter.com\/widgets.js\" charset=\"utf-8\"><\/script><\/p>\n<p>D\u00edaz no es un desconocido del futbol mexicano, ya que entre 2015 y 2017 dirigi\u00f3 al <strong>Celaya<\/strong> del Ascenso MX y esta vez llega a la Liga MX con el objetivo de levantar al cuadro de Guanajuato, que marcha en el puesto 15 de la tabla general producto de siete puntos, aunque s\u00f3lo a tres unidades de zona de Liguilla.<\/p>\n<p>Despu\u00e9s de <a href=\"https:\/\/www.futboltotal.com.mx\/2017\/08\/resultado-cronica-leon-1-2-santos-liga-mx\/\" target=\"_blank\" rel=\"noopener noreferrer\"><span style=\"color: #333399;\">la ca\u00edda del <strong>Le\u00f3n<\/strong> ante <strong>Santos<\/strong><\/span><\/a> en la fecha 7 del Apertura 2017, <a href=\"https:\/\/www.futboltotal.com.mx\/2017\/08\/javier-torrente-destituido-leon\/\" target=\"_blank\" rel=\"noopener noreferrer\"><span style=\"color: #333399;\"><strong>Torrente<\/strong> dej\u00f3 al equipo<\/span><\/a> y se anunci\u00f3 que el partido de mitad de semana de Copa MX ser\u00e1 dirigido de forma interina por Rub\u00e9n <em>Rat\u00f3n<\/em> Ayala.<\/p>\n<p>&nbsp;<\/p>\n<blockquote class=\"twitter-tweet\" data-lang=\"es\">\n<p dir=\"ltr\" lang=\"es\">El profesor Rub\u00e9n &#8220;Rat\u00f3n&#8221; Ayala asume interinamente la direcci\u00f3n t\u00e9cnica del equipo, con miras al juego de <a href=\"https:\/\/twitter.com\/CopaCoronaMx\">@CopaCoronaMx<\/a> vs <a href=\"https:\/\/twitter.com\/AlebrijesOaxaca\">@AlebrijesOaxaca<\/a> <a href=\"https:\/\/t.co\/Ik5mjuLJ4t\">pic.twitter.com\/Ik5mjuLJ4t<\/a><\/p>\n<p>\u2014 Club Le\u00f3n (@clubleonfc) <a href=\"https:\/\/twitter.com\/clubleonfc\/status\/901875443623649281\">27 de agosto de 2017<\/a><\/p><\/blockquote>\n<p><script async src=\"\/\/platform.twitter.com\/widgets.js\" charset=\"utf-8\"><\/script><\/p>\n","protected":false},"excerpt":{"rendered":"<p>Se ha dado a conocer el nombre del sustituto de Javier Torrente.<\/p>\n","protected":false},"author":20,"featured_media":496909,"comment_status":"closed","ping_status":"closed","sticky":false,"template":"","format":"standard","meta":[],"categories":[5,2198,3845],"tags":[8357,9969,8416,5965,64],"_links":{"self":[{"href":"http:\/\/desarrollo.grupomedios.com\/futbol\/wp-json\/wp\/v2\/posts\/496908"}],"collection":[{"href":"http:\/\/desarrollo.grupomedios.com\/futbol\/wp-json\/wp\/v2\/posts"}],"about":[{"href":"http:\/\/desarrollo.grupomedios.com\/futbol\/wp-json\/wp\/v2\/types\/post"}],"author":[{"embeddable":true,"href":"http:\/\/desarrollo.grupomedios.com\/futbol\/wp-json\/wp\/v2\/users\/20"}],"replies":[{"embeddable":true,"href":"http:\/\/desarrollo.grupomedios.com\/futbol\/wp-json\/wp\/v2\/comments?post=496908"}],"version-history":[{"count":1,"href":"http:\/\/desarrollo.grupomedios.com\/futbol\/wp-json\/wp\/v2\/posts\/496908\/revisions"}],"predecessor-version":[{"id":496914,"href":"http:\/\/desarrollo.grupomedios.com\/futbol\/wp-json\/wp\/v2\/posts\/496908\/revisions\/496914"}],"wp:featuredmedia":[{"embeddable":true,"href":"http:\/\/desarrollo.grupomedios.com\/futbol\/wp-json\/wp\/v2\/media\/496909"}],"wp:attachment":[{"href":"http:\/\/desarrollo.grupomedios.com\/futbol\/wp-json\/wp\/v2\/media?parent=496908"}],"wp:term":[{"taxonomy":"category","embeddable":true,"href":"http:\/\/desarrollo.grupomedios.com\/futbol\/wp-json\/wp\/v2\/categories?post=496908"},{"taxonomy":"post_tag","embeddable":true,"href":"http:\/\/desarrollo.grupomedios.com\/futbol\/wp-json\/wp\/v2\/tags?post=496908"}],"curies":[{"name":"wp","href":"https:\/\/api.w.org\/{rel}","templated":true}]}}