{"id":496918,"date":"2017-08-29T09:30:03","date_gmt":"2017-08-29T14:30:03","guid":{"rendered":"https:\/\/www.futboltotal.com.mx\/?p=496918"},"modified":"2017-08-29T09:30:03","modified_gmt":"2017-08-29T14:30:03","slug":"paolo-medina-mexicano-ex-real-madrid-presentado-benfica","status":"publish","type":"post","link":"http:\/\/desarrollo.grupomedios.com\/futbol\/destacado-home\/paolo-medina-mexicano-ex-real-madrid-presentado-benfica\/2017\/08","title":{"rendered":"Paolo Medina, mexicano ex Real Madrid, presentado con Benfica"},"content":{"rendered":"<p>El defensor mexicano <strong>Paolo Medina<\/strong>, quien hasta hace algunas semanas era futbolista de categor\u00edas inferiores del <strong>Real Madrid<\/strong>, se ha convertido en el segundo azteca que actualmente forma parte del <strong>Benfica<\/strong>, club con el que ha firmado contrato.<\/p>\n<p>El zaguero de 18 a\u00f1os naci\u00f3 en Veracruz y desde el 2009 empez\u00f3 su andar por el futbol en Espa\u00f1a, con el\u00a0Deportivo Alcobendas, para m\u00e1s tarde sumarse a las categor\u00edas formativas de los <em>Merengues<\/em>.<\/p>\n<p style=\"text-align: center;\"><a href=\"https:\/\/www.futboltotal.com.mx\/2017\/08\/neymar-a-coutinho-no-te-vayas-al-barcelona\/\" target=\"_blank\" rel=\"noopener noreferrer\"><span style=\"color: #333399;\">VER M\u00c1S: Neymar a Coutinho: &#8220;No te vayas al Barcelona&#8221;<\/span><\/a><\/p>\n<p><a href=\"https:\/\/www.futboltotal.com.mx\/wp-content\/uploads\/2017\/08\/Paolo-Medina-Benfica3.jpg\"><img decoding=\"async\" loading=\"lazy\" class=\"aligncenter size-large wp-image-496922\" src=\"https:\/\/www.futboltotal.com.mx\/wp-content\/uploads\/2017\/08\/Paolo-Medina-Benfica3-1024x576.jpg\" alt=\"Paolo Medina, mexicano ex Real Madrid, presentado con Benfica 0\" srcset=\"http:\/\/desarrollo.grupomedios.com\/futbol\/wp-content\/uploads\/2017\/08\/Paolo-Medina-Benfica3-1024x576.jpg 1024w, http:\/\/desarrollo.grupomedios.com\/futbol\/wp-content\/uploads\/2017\/08\/Paolo-Medina-Benfica3-300x169.jpg 300w, http:\/\/desarrollo.grupomedios.com\/futbol\/wp-content\/uploads\/2017\/08\/Paolo-Medina-Benfica3-768x432.jpg 768w, http:\/\/desarrollo.grupomedios.com\/futbol\/wp-content\/uploads\/2017\/08\/Paolo-Medina-Benfica3-393x221.jpg 393w, http:\/\/desarrollo.grupomedios.com\/futbol\/wp-content\/uploads\/2017\/08\/Paolo-Medina-Benfica3.jpg 1136w\" sizes=\"(max-width: 1024px) 100vw, 1024px\" \/><\/a><\/p>\n<p>Con el club espa\u00f1ol, Medina fue destacando y pasando a distintas categor\u00edas, hasta incluso disputar la UEFA Youth League siendo parte de un plantel en el que estaban futbolistas como <strong>Luca Zidane<\/strong>.<\/p>\n<p>Precisamente junto al hijo de <strong>Zinedine Zidane<\/strong>, Paolo fue nominado la temporada pasada al premio <strong>Golden Boy<\/strong>, que se entrega por el\u00a0medio italiano\u00a0Tuttosport al mejor jugador Sub 20 de toda Europa.<\/p>\n<p><a href=\"https:\/\/www.futboltotal.com.mx\/wp-content\/uploads\/2017\/08\/Paolo-Medina-Benfica.jpg\"><img decoding=\"async\" loading=\"lazy\" class=\"aligncenter size-large wp-image-496924\" src=\"https:\/\/www.futboltotal.com.mx\/wp-content\/uploads\/2017\/08\/Paolo-Medina-Benfica-1024x576.jpg\" alt=\"Paolo Medina, mexicano ex Real Madrid, presentado con Benfica 1\" srcset=\"http:\/\/desarrollo.grupomedios.com\/futbol\/wp-content\/uploads\/2017\/08\/Paolo-Medina-Benfica-1024x576.jpg 1024w, http:\/\/desarrollo.grupomedios.com\/futbol\/wp-content\/uploads\/2017\/08\/Paolo-Medina-Benfica-300x169.jpg 300w, http:\/\/desarrollo.grupomedios.com\/futbol\/wp-content\/uploads\/2017\/08\/Paolo-Medina-Benfica-768x432.jpg 768w, http:\/\/desarrollo.grupomedios.com\/futbol\/wp-content\/uploads\/2017\/08\/Paolo-Medina-Benfica-393x221.jpg 393w, http:\/\/desarrollo.grupomedios.com\/futbol\/wp-content\/uploads\/2017\/08\/Paolo-Medina-Benfica.jpg 1136w\" sizes=\"(max-width: 1024px) 100vw, 1024px\" \/><\/a><\/p>\n<p>Medina inicialmente formar\u00e1 parte del <strong>Benfica B<\/strong>, aunque buscar\u00e1 trabajar para en alg\u00fan momento compartir vestuario con su compatriota <strong>Ra\u00fal Jim\u00e9nez<\/strong> en el primer equipo.<\/p>\n<p>Adem\u00e1s, el defensor ha vuelto a las convocatorias de la Selecci\u00f3n Mexicana sub 18, de la que fue parte en julio pasado.<\/p>\n<p>&nbsp;<\/p>\n<blockquote class=\"twitter-tweet\" data-lang=\"es\">\n<p dir=\"ltr\" lang=\"en\">Happy to be back <a href=\"https:\/\/twitter.com\/hashtag\/NationalTeam?src=hash\">#NationalTeam<\/a> &#x1f1f2;&#x1f1fd;\u26bd\ufe0f &#x1f327; <a href=\"https:\/\/t.co\/wsZSeamHQx\">pic.twitter.com\/wsZSeamHQx<\/a><\/p>\n<p>\u2014 Paolo (@paolomedina22) <a href=\"https:\/\/twitter.com\/paolomedina22\/status\/889637276006977539\">25 de julio de 2017<\/a><\/p><\/blockquote>\n<p><script async src=\"\/\/platform.twitter.com\/widgets.js\" charset=\"utf-8\"><\/script><\/p>\n","protected":false},"excerpt":{"rendered":"<p>El defensor mexicano se suma a Ra\u00fal Jim\u00e9nez con las \u00c1guilas lusas.<\/p>\n","protected":false},"author":20,"featured_media":496923,"comment_status":"closed","ping_status":"closed","sticky":false,"template":"","format":"standard","meta":[],"categories":[5,3839,7709],"tags":[6060,65,7419,5988,409],"_links":{"self":[{"href":"http:\/\/desarrollo.grupomedios.com\/futbol\/wp-json\/wp\/v2\/posts\/496918"}],"collection":[{"href":"http:\/\/desarrollo.grupomedios.com\/futbol\/wp-json\/wp\/v2\/posts"}],"about":[{"href":"http:\/\/desarrollo.grupomedios.com\/futbol\/wp-json\/wp\/v2\/types\/post"}],"author":[{"embeddable":true,"href":"http:\/\/desarrollo.grupomedios.com\/futbol\/wp-json\/wp\/v2\/users\/20"}],"replies":[{"embeddable":true,"href":"http:\/\/desarrollo.grupomedios.com\/futbol\/wp-json\/wp\/v2\/comments?post=496918"}],"version-history":[{"count":2,"href":"http:\/\/desarrollo.grupomedios.com\/futbol\/wp-json\/wp\/v2\/posts\/496918\/revisions"}],"predecessor-version":[{"id":496929,"href":"http:\/\/desarrollo.grupomedios.com\/futbol\/wp-json\/wp\/v2\/posts\/496918\/revisions\/496929"}],"wp:featuredmedia":[{"embeddable":true,"href":"http:\/\/desarrollo.grupomedios.com\/futbol\/wp-json\/wp\/v2\/media\/496923"}],"wp:attachment":[{"href":"http:\/\/desarrollo.grupomedios.com\/futbol\/wp-json\/wp\/v2\/media?parent=496918"}],"wp:term":[{"taxonomy":"category","embeddable":true,"href":"http:\/\/desarrollo.grupomedios.com\/futbol\/wp-json\/wp\/v2\/categories?post=496918"},{"taxonomy":"post_tag","embeddable":true,"href":"http:\/\/desarrollo.grupomedios.com\/futbol\/wp-json\/wp\/v2\/tags?post=496918"}],"curies":[{"name":"wp","href":"https:\/\/api.w.org\/{rel}","templated":true}]}}