{"id":496946,"date":"2017-08-29T10:26:49","date_gmt":"2017-08-29T15:26:49","guid":{"rendered":"https:\/\/www.futboltotal.com.mx\/?p=496946"},"modified":"2017-08-29T10:26:49","modified_gmt":"2017-08-29T15:26:49","slug":"arturo-vidal-envuelto-en-nuevo-escandalo-en-casino","status":"publish","type":"post","link":"http:\/\/desarrollo.grupomedios.com\/futbol\/futbol-internacional\/arturo-vidal-envuelto-en-nuevo-escandalo-en-casino\/2017\/08","title":{"rendered":"Arturo Vidal envuelto en nuevo esc\u00e1ndalo en casino"},"content":{"rendered":"<p>El futbolista chileno, <strong>Arturo Vidal<\/strong>, protagoniz\u00f3 una fiesta dentro del <strong>hotel de un casino<\/strong> el lunes, que se alarg\u00f3 hasta este martes po la ma\u00f1ana, donde la polic\u00eda acudi\u00f3 luego de ser alertada por la seguridad del lugar.<\/p>\n<p>Vidal lleg\u00f3 el lunes al casino de <strong>Monticello<\/strong> con un grupo de amigos y familiares y reserv\u00f3 <strong>varias habitaciones en el hotel casino<\/strong>, donde comenz\u00f3 una fiesta que termin\u00f3 el martes alrededor de las 7 de la ma\u00f1ana, de acuerdo con\u00a0<em>Radio BioB\u00edo<\/em> de Chile.<\/p>\n<p style=\"text-align: center;\"><span style=\"color: #333399;\"><a style=\"color: #333399;\" href=\"https:\/\/www.futboltotal.com.mx\/2017\/08\/paolo-medina-mexicano-ex-real-madrid-presentado-benfica\/\" target=\"_blank\" rel=\"noopener noreferrer\">VER M\u00c1S: Otro mexicano jugar\u00e1 en el Benfica<\/a><\/span><\/p>\n<p>Con el paso de las horas, Arturo Vidal, junto a sus acompa\u00f1antes <strong>destrozaron inmobiliario<\/strong> de las habitaciones, aunado a que otros clientes del hotel se quejaron por el ruido. La seguridad del casino dio aviso a la polic\u00eda, quien se present\u00f3 en el recinto para solicitar que el grupo de Vidal abandonaran el lugar.<\/p>\n<p>El jugador del Bayern Munich lleg\u00f3 m\u00e1s tarde al complejo deportivo Juan Pinto Dur\u00e1n, donde la <strong>Selecci\u00f3n de Chile\u00a0<\/strong>entrenar\u00e1 de cara a los encuentros ante<strong> Paraguay y Bolivia<\/strong>, en las eliminatorias del Mundial de <strong>Rusia 2018<\/strong>.<\/p>\n<p>&#8220;<strong>No s\u00e9 de qu\u00e9 me hablan. Vengo de mi casa.\u00a0<\/strong>Dejen de ensuciar mi nombre. Lo descarto completamente. Vengo a Chile a pasarlo bien, a jugar por la selecci\u00f3n&#8221;, declar\u00f3 brevemente el jugador a su llegada.<\/p>\n<p>&nbsp;<\/p>\n<p style=\"text-align: center;\"><span style=\"color: #333399;\"><a style=\"color: #333399;\" href=\"https:\/\/www.futboltotal.com.mx\/2017\/08\/gol-de-mario-mandzukic-elegido-el-mejor-de-temporada\" target=\"_blank\" rel=\"noopener noreferrer\">VER M\u00c1S: UEFA elige el mejor gol de la temporada<\/a><\/span><\/p>\n","protected":false},"excerpt":{"rendered":"<p>El mediocampista realiz\u00f3 una fiesta que detuvo la polic\u00eda<\/p>\n","protected":false},"author":20,"featured_media":422614,"comment_status":"closed","ping_status":"closed","sticky":false,"template":"","format":"standard","meta":[],"categories":[5419,3839],"tags":[2962,2056,406,2232],"_links":{"self":[{"href":"http:\/\/desarrollo.grupomedios.com\/futbol\/wp-json\/wp\/v2\/posts\/496946"}],"collection":[{"href":"http:\/\/desarrollo.grupomedios.com\/futbol\/wp-json\/wp\/v2\/posts"}],"about":[{"href":"http:\/\/desarrollo.grupomedios.com\/futbol\/wp-json\/wp\/v2\/types\/post"}],"author":[{"embeddable":true,"href":"http:\/\/desarrollo.grupomedios.com\/futbol\/wp-json\/wp\/v2\/users\/20"}],"replies":[{"embeddable":true,"href":"http:\/\/desarrollo.grupomedios.com\/futbol\/wp-json\/wp\/v2\/comments?post=496946"}],"version-history":[{"count":1,"href":"http:\/\/desarrollo.grupomedios.com\/futbol\/wp-json\/wp\/v2\/posts\/496946\/revisions"}],"predecessor-version":[{"id":496952,"href":"http:\/\/desarrollo.grupomedios.com\/futbol\/wp-json\/wp\/v2\/posts\/496946\/revisions\/496952"}],"wp:featuredmedia":[{"embeddable":true,"href":"http:\/\/desarrollo.grupomedios.com\/futbol\/wp-json\/wp\/v2\/media\/422614"}],"wp:attachment":[{"href":"http:\/\/desarrollo.grupomedios.com\/futbol\/wp-json\/wp\/v2\/media?parent=496946"}],"wp:term":[{"taxonomy":"category","embeddable":true,"href":"http:\/\/desarrollo.grupomedios.com\/futbol\/wp-json\/wp\/v2\/categories?post=496946"},{"taxonomy":"post_tag","embeddable":true,"href":"http:\/\/desarrollo.grupomedios.com\/futbol\/wp-json\/wp\/v2\/tags?post=496946"}],"curies":[{"name":"wp","href":"https:\/\/api.w.org\/{rel}","templated":true}]}}