{"id":496975,"date":"2017-08-29T12:26:40","date_gmt":"2017-08-29T17:26:40","guid":{"rendered":"https:\/\/www.futboltotal.com.mx\/?p=496975"},"modified":"2017-08-29T12:26:40","modified_gmt":"2017-08-29T17:26:40","slug":"man-city-quiere-a-alexis-ofreceria-dos-sus-figuras-al-arsenal","status":"publish","type":"post","link":"http:\/\/desarrollo.grupomedios.com\/futbol\/futbol-internacional\/man-city-quiere-a-alexis-ofreceria-dos-sus-figuras-al-arsenal\/2017\/08","title":{"rendered":"Man City quiere a Alexis y ofrecer\u00eda dos de sus figuras al Arsenal"},"content":{"rendered":"<p>El <strong>Manchester City<\/strong> de <strong>Pep Guardiola<\/strong> est\u00e1 obsesionado con fichar a <strong>Alexis S\u00e1nchez<\/strong> y podr\u00edan lanzar una nueva oferta al <strong>Arsenal<\/strong> para hacerse de los servicios del jugador chielno.<\/p>\n<p>Los dirigidos por <strong>Guardiola<\/strong> estar\u00edan dispuestos a ofrecer a dos de sus figuras adem\u00e1s de una gran cantidad econ\u00f3mica para fichar a <strong>Alexis,<\/strong> quien podr\u00eda ver sus \u00faltimas horas como jugador <em>Gunner<\/em>.<\/p>\n<p style=\"text-align: center;\"><span style=\"color: #3366ff;\"><a style=\"color: #3366ff;\" href=\"https:\/\/www.futboltotal.com.mx\/2017\/08\/vicepresidente-san-lorenzo-asegura-zelarayan-quiere-dejar-tigres\/\">VER M\u00c1S: Vicepresidente de San Lorenzo asegura que Zelaray\u00e1n quiere dejar Tigres<\/a><\/span><\/p>\n<p>Seg\u00fan informa S<em>ky Sports<\/em>, el <strong>Manchester City<\/strong> ofrecer\u00eda a <strong>Raheem Sterling<\/strong> y <strong>Sergio Ag\u00fcero<\/strong> para que llegu\u00e9 el delantero Bicampe\u00f3n de la Copa Am\u00e9rica con Chile.<\/p>\n<p>El rumo tom\u00f3 fuerza luego de que el medio chileno <em>T13<\/em>, revel\u00f3 que <strong>Alexis S\u00e1nchez<\/strong> se ausent\u00f3 de la pr\u00e1ctica con su Selecci\u00f3n para atender una &#8220;situaci\u00f3n personal&#8221; , lo que en realidad ser\u00eda su traspaso a los <em>Citizens<\/em> antes de que termine el mercado de transferencias.<\/p>\n","protected":false},"excerpt":{"rendered":"<p>Guardiola quiere al chileno a como d\u00e9 lugar.<\/p>\n","protected":false},"author":20,"featured_media":447473,"comment_status":"closed","ping_status":"closed","sticky":false,"template":"","format":"standard","meta":[],"categories":[3839],"tags":[6053,5993,5760,5992],"_links":{"self":[{"href":"http:\/\/desarrollo.grupomedios.com\/futbol\/wp-json\/wp\/v2\/posts\/496975"}],"collection":[{"href":"http:\/\/desarrollo.grupomedios.com\/futbol\/wp-json\/wp\/v2\/posts"}],"about":[{"href":"http:\/\/desarrollo.grupomedios.com\/futbol\/wp-json\/wp\/v2\/types\/post"}],"author":[{"embeddable":true,"href":"http:\/\/desarrollo.grupomedios.com\/futbol\/wp-json\/wp\/v2\/users\/20"}],"replies":[{"embeddable":true,"href":"http:\/\/desarrollo.grupomedios.com\/futbol\/wp-json\/wp\/v2\/comments?post=496975"}],"version-history":[{"count":1,"href":"http:\/\/desarrollo.grupomedios.com\/futbol\/wp-json\/wp\/v2\/posts\/496975\/revisions"}],"predecessor-version":[{"id":496977,"href":"http:\/\/desarrollo.grupomedios.com\/futbol\/wp-json\/wp\/v2\/posts\/496975\/revisions\/496977"}],"wp:featuredmedia":[{"embeddable":true,"href":"http:\/\/desarrollo.grupomedios.com\/futbol\/wp-json\/wp\/v2\/media\/447473"}],"wp:attachment":[{"href":"http:\/\/desarrollo.grupomedios.com\/futbol\/wp-json\/wp\/v2\/media?parent=496975"}],"wp:term":[{"taxonomy":"category","embeddable":true,"href":"http:\/\/desarrollo.grupomedios.com\/futbol\/wp-json\/wp\/v2\/categories?post=496975"},{"taxonomy":"post_tag","embeddable":true,"href":"http:\/\/desarrollo.grupomedios.com\/futbol\/wp-json\/wp\/v2\/tags?post=496975"}],"curies":[{"name":"wp","href":"https:\/\/api.w.org\/{rel}","templated":true}]}}