{"id":496979,"date":"2017-08-29T12:42:25","date_gmt":"2017-08-29T17:42:25","guid":{"rendered":"https:\/\/www.futboltotal.com.mx\/?p=496979"},"modified":"2017-08-29T12:42:25","modified_gmt":"2017-08-29T17:42:25","slug":"chelsea-se-refuerza-hazard","status":"publish","type":"post","link":"http:\/\/desarrollo.grupomedios.com\/futbol\/futbol-internacional\/chelsea-se-refuerza-hazard\/2017\/08","title":{"rendered":"Chelsea se refuerza con otro Hazard"},"content":{"rendered":"<p>El Chelsea ha anunciado este martes el fichaje del mediapunta belga <strong>Kylian Hazard<\/strong>, hermano peque\u00f1o del astro<strong> Eden Hazard<\/strong>, para las categor\u00edas inferiores del club.<\/p>\n<p>Kylian, <strong>de 22 a\u00f1os<\/strong>, se ha convertido en el tercer hermano Hazard en recalar en el Chelsea, puesto que, adem\u00e1s de Eden, <strong>Thorgan<\/strong>, de 24 a\u00f1os, fue futbolista del equipo del suroeste de <strong>Londres entre 2012 y 2015<\/strong>.<\/p>\n<p style=\"text-align: center;\"><span style=\"color: #333399;\"><a style=\"color: #333399;\" href=\"https:\/\/www.futboltotal.com.mx\/2017\/08\/arturo-vidal-envuelto-en-nuevo-escandalo-en-casino\/\" target=\"_blank\" rel=\"noopener noreferrer\">VER M\u00c1S: Arturo Vidal envuelto en nuevo esc\u00e1ndalo en casino<\/a><\/span><\/p>\n<blockquote><p>&#8220;Kylian Hazard ha firmado por el Chelsea procedente del Ujpest h\u00fangaro y se incorporar\u00e1 a las categor\u00edas inferiores&#8221;, inform\u00f3 este martes la entidad a trav\u00e9s de un escueto comunicado.<\/p><\/blockquote>\n<p>&#8220;El hermano peque\u00f1o de Eden es un mediapunta que empez\u00f3 su carrera profesional en B\u00e9lgica, primero en el <strong>White Star Brussels<\/strong> y despu\u00e9s den el<strong> Zulte-Waregem<\/strong>. Lleg\u00f3 al<strong> Ujpest<\/strong> en verano de 2015 y ha defendido su camiseta en 42 ocasiones&#8221;, a\u00f1adi\u00f3 la misiva.<\/p>\n<p>El peque\u00f1o de los Hazard podr\u00eda hacer su debut con su nuevo club el pr\u00f3ximo 9 de septiembre, en el partido del equipo reserva frente al Sunderland.<\/p>\n<blockquote class=\"twitter-tweet\" data-lang=\"es\">\n<p dir=\"ltr\" lang=\"en\">We have today signed Kylian Hazard, who joins up with our development squad&#8230;<\/p>\n<p>&#x1f449; <a href=\"https:\/\/t.co\/n5RHUiYUKu\">https:\/\/t.co\/n5RHUiYUKu<\/a> <a href=\"https:\/\/t.co\/rijuXW0aqm\">pic.twitter.com\/rijuXW0aqm<\/a><\/p>\n<p>\u2014 Chelsea FC (@ChelseaFC) <a href=\"https:\/\/twitter.com\/ChelseaFC\/status\/902554691682406402\">29 de agosto de 2017<\/a><\/p><\/blockquote>\n<p><script async src=\"\/\/platform.twitter.com\/widgets.js\" charset=\"utf-8\"><\/script><\/p>\n<p>Eden, de 26 a\u00f1os, fich\u00f3 por el Chelsea en verano de 2012, y en sus cinco a\u00f1os en Londres ha levantado dos t\u00edtulos de la <strong>Premier League<\/strong>, una <strong>Liga Europa<\/strong> y una <strong>Copa de la Liga.<\/strong><\/p>\n<p>Thorgan, por su parte, recal\u00f3 en los &#8216;Blues&#8217; al mismo tiempo que su hermano mayor, pero nunca lleg\u00f3 a jugar un partido con el primer equipo y fue cedido dos temporadas en el Zulte-Waregem y una en el <strong>Borussia M\u00f6nchengladbach<\/strong>, club por el que acab\u00f3 fichando en verano de 2015.<\/p>\n<p>Eden y Thorgan, internacionales absolutos con la selecci\u00f3n de B\u00e9lgica, tienen, adem\u00e1s de Kylian, otro hermano peque\u00f1o m\u00e1s: Ethan, de 14 a\u00f1os, quien actualmente juega en las categor\u00edas inferiores del Tubize belga.<\/p>\n<p style=\"text-align: center;\"><span style=\"color: #333399;\"><a style=\"color: #333399;\" href=\"https:\/\/www.futboltotal.com.mx\/2017\/08\/arda-turan-dejara-barcelona-llegar-al-monaco\/\" target=\"_blank\" rel=\"noopener noreferrer\">VER M\u00c1S: Arda Turan llegar\u00eda al futbol de Francia<\/a><\/span><\/p>\n","protected":false},"excerpt":{"rendered":"<p>El club ingl\u00e9s habr\u00e1 tenido a los tres hermanos, Eden, Thorgan y Kylian Hazard<\/p>\n","protected":false},"author":144,"featured_media":435653,"comment_status":"closed","ping_status":"closed","sticky":false,"template":"","format":"standard","meta":[],"categories":[3839],"tags":[5981,6058,9974,9975],"_links":{"self":[{"href":"http:\/\/desarrollo.grupomedios.com\/futbol\/wp-json\/wp\/v2\/posts\/496979"}],"collection":[{"href":"http:\/\/desarrollo.grupomedios.com\/futbol\/wp-json\/wp\/v2\/posts"}],"about":[{"href":"http:\/\/desarrollo.grupomedios.com\/futbol\/wp-json\/wp\/v2\/types\/post"}],"author":[{"embeddable":true,"href":"http:\/\/desarrollo.grupomedios.com\/futbol\/wp-json\/wp\/v2\/users\/144"}],"replies":[{"embeddable":true,"href":"http:\/\/desarrollo.grupomedios.com\/futbol\/wp-json\/wp\/v2\/comments?post=496979"}],"version-history":[{"count":1,"href":"http:\/\/desarrollo.grupomedios.com\/futbol\/wp-json\/wp\/v2\/posts\/496979\/revisions"}],"predecessor-version":[{"id":496981,"href":"http:\/\/desarrollo.grupomedios.com\/futbol\/wp-json\/wp\/v2\/posts\/496979\/revisions\/496981"}],"wp:featuredmedia":[{"embeddable":true,"href":"http:\/\/desarrollo.grupomedios.com\/futbol\/wp-json\/wp\/v2\/media\/435653"}],"wp:attachment":[{"href":"http:\/\/desarrollo.grupomedios.com\/futbol\/wp-json\/wp\/v2\/media?parent=496979"}],"wp:term":[{"taxonomy":"category","embeddable":true,"href":"http:\/\/desarrollo.grupomedios.com\/futbol\/wp-json\/wp\/v2\/categories?post=496979"},{"taxonomy":"post_tag","embeddable":true,"href":"http:\/\/desarrollo.grupomedios.com\/futbol\/wp-json\/wp\/v2\/tags?post=496979"}],"curies":[{"name":"wp","href":"https:\/\/api.w.org\/{rel}","templated":true}]}}