{"id":497008,"date":"2017-08-29T14:34:17","date_gmt":"2017-08-29T19:34:17","guid":{"rendered":"https:\/\/www.futboltotal.com.mx\/?p=497008"},"modified":"2017-08-29T15:19:43","modified_gmt":"2017-08-29T20:19:43","slug":"201708497008la-volpe-pide-a-dios-que-haya-un-equipo-base-en-el-tricolor","status":"publish","type":"post","link":"http:\/\/desarrollo.grupomedios.com\/futbol\/destacado-home\/201708497008la-volpe-pide-a-dios-que-haya-un-equipo-base-en-el-tricolor\/2017\/08","title":{"rendered":"La Volpe pide a Dios que haya un equipo base en el Tricolor"},"content":{"rendered":"<p><strong>Ricardo Antonio La Volpe<\/strong> declar\u00f3 a Medio Tiempo que el hecho que <strong>M\u00e9xico<\/strong> no tenga un cuadro base puede representar un problema en <strong>Rusia 2018.<\/strong><\/p>\n<blockquote><p>&#8220;Lo que veo que falta es que no hay una base de un equipo titular. En otras selecciones yo veo que juegan los de siempre, los l\u00edderes y nosotros vemos una Selecci\u00f3n que no sabemos qui\u00e9n es el 11 titular&#8221;.<\/p>\n<p>&#8220;Pero es un equipo que lo est\u00e1 haciendo bien en la eliminatoria, Dios quiera que haya un equipo base porque en un Mundial te vas a encontrar a grandes equipos&#8221;.<\/p><\/blockquote>\n<p style=\"text-align: center;\"><a href=\"https:\/\/www.futboltotal.com.mx\/2017\/08\/revelan-griezmann-iba-a-dejar-atletico-sancion-fifa\/\" target=\"_blank\" rel=\"noopener noreferrer\"><span style=\"color: #333399;\">VER M\u00c1S:\u00a0Revelan que Griezmann iba a dejar el Atl\u00e9tico antes de sanci\u00f3n de FIFA<\/span><\/a><\/p>\n<p>El ext\u00e9cnico del <strong>Am\u00e9rica<\/strong> se\u00f1al\u00f3 que <strong>Osorio<\/strong> tiene una base para los duelos importantes; sin embargo, no es la misma alineaci\u00f3n que repite en otros encuentros y es por eso que los jugadores no est\u00e1n en sinton\u00eda.<\/p>\n<blockquote><p>&#8220;Yo solo puedo hacer una observaci\u00f3n: que en el mundo, a mayor cantidad de partidos que juega una selecci\u00f3n,, se empiezan a crear las asociaciones. En una selecci\u00f3n tienes a los jugadores diario, tienen poco tiempo para trabajar y en ese tiempo debes buscar un 11 ideal y todo M\u00e9xico quisiera saber cu\u00e1l es, as\u00ed como los chilenos se saben el de su selecci\u00f3n&#8221;.<\/p><\/blockquote>\n<p style=\"text-align: center;\"><a href=\"https:\/\/www.futboltotal.com.mx\/2017\/08\/497002\/corona-asegura-estar-listo-para-titularidad-en-el-tri\" target=\"_blank\" rel=\"noopener noreferrer\"><span style=\"color: #333399;\">VER M\u00c1S:\u00a0Corona asegura estar listo para la titularidad en el Tri<\/span><\/a><\/p>\n","protected":false},"excerpt":{"rendered":"<p>El &#8216;Bigot\u00f3n&#8217; sabe que no tener un 11 base podr\u00eda complicarle las cosas a M\u00e9xico en Rusia<\/p>\n","protected":false},"author":20,"featured_media":458839,"comment_status":"closed","ping_status":"closed","sticky":false,"template":"","format":"standard","meta":[],"categories":[5,2198,3847],"tags":[6196,65,767,2232],"_links":{"self":[{"href":"http:\/\/desarrollo.grupomedios.com\/futbol\/wp-json\/wp\/v2\/posts\/497008"}],"collection":[{"href":"http:\/\/desarrollo.grupomedios.com\/futbol\/wp-json\/wp\/v2\/posts"}],"about":[{"href":"http:\/\/desarrollo.grupomedios.com\/futbol\/wp-json\/wp\/v2\/types\/post"}],"author":[{"embeddable":true,"href":"http:\/\/desarrollo.grupomedios.com\/futbol\/wp-json\/wp\/v2\/users\/20"}],"replies":[{"embeddable":true,"href":"http:\/\/desarrollo.grupomedios.com\/futbol\/wp-json\/wp\/v2\/comments?post=497008"}],"version-history":[{"count":2,"href":"http:\/\/desarrollo.grupomedios.com\/futbol\/wp-json\/wp\/v2\/posts\/497008\/revisions"}],"predecessor-version":[{"id":497014,"href":"http:\/\/desarrollo.grupomedios.com\/futbol\/wp-json\/wp\/v2\/posts\/497008\/revisions\/497014"}],"wp:featuredmedia":[{"embeddable":true,"href":"http:\/\/desarrollo.grupomedios.com\/futbol\/wp-json\/wp\/v2\/media\/458839"}],"wp:attachment":[{"href":"http:\/\/desarrollo.grupomedios.com\/futbol\/wp-json\/wp\/v2\/media?parent=497008"}],"wp:term":[{"taxonomy":"category","embeddable":true,"href":"http:\/\/desarrollo.grupomedios.com\/futbol\/wp-json\/wp\/v2\/categories?post=497008"},{"taxonomy":"post_tag","embeddable":true,"href":"http:\/\/desarrollo.grupomedios.com\/futbol\/wp-json\/wp\/v2\/tags?post=497008"}],"curies":[{"name":"wp","href":"https:\/\/api.w.org\/{rel}","templated":true}]}}