{"id":497021,"date":"2017-08-29T15:02:16","date_gmt":"2017-08-29T20:02:16","guid":{"rendered":"https:\/\/www.futboltotal.com.mx\/?p=497021"},"modified":"2017-08-29T15:02:16","modified_gmt":"2017-08-29T20:02:16","slug":"201708razon-por-que-layun-no-fue-convocado-por-osorio","status":"publish","type":"post","link":"http:\/\/desarrollo.grupomedios.com\/futbol\/futbol-mexicano\/201708razon-por-que-layun-no-fue-convocado-por-osorio\/2017\/08","title":{"rendered":"La raz\u00f3n por la que Lay\u00fan no fue convocado por Osorio"},"content":{"rendered":"<p>El pasado jueves Juan Carlos Osorio, t\u00e9cnico de la Selecci\u00f3n Mexicana, dio a conocer la lista de convocados para los encuentros ante Panam\u00e1 y Costa Rica por el hexagonal final de CONCACAF rumbo a Rusia 2018, en donde figur\u00f3 la ausencia de Miguel Lay\u00fan, jugador que hab\u00eda recibido constantes llamados durante la era del t\u00e9cnico colombiano.<\/p>\n<p>&nbsp;<\/p>\n<blockquote class=\"twitter-tweet\" data-lang=\"es\">\n<p dir=\"ltr\" lang=\"es\"><a href=\"https:\/\/twitter.com\/hashtag\/NotiTuit?src=hash\">#NotiTuit<\/a> | <a href=\"https:\/\/twitter.com\/VisaMX\">@VisaMX<\/a><\/p>\n<p>\u00a1Nueva convocatoria! Chequen qui\u00e9nes vendr\u00e1n a los juegos y . <a href=\"https:\/\/t.co\/5H8u0u5FZh\">pic.twitter.com\/5H8u0u5FZh<\/a><\/p>\n<p>\u2014 Selecci\u00f3n Nacional (@miseleccionmx) <a href=\"https:\/\/twitter.com\/miseleccionmx\/status\/900925707097751553\">25 de agosto de 2017<\/a><\/p><\/blockquote>\n<p><script async src=\"\/\/platform.twitter.com\/widgets.js\" charset=\"utf-8\"><\/script><\/p>\n<p>De acuerdo con el reportero de Fox Sports, Rub\u00e9n Rodr\u00edguez, la no convocatoria del lateral mexicano del Porto se debi\u00f3 a que el futbolista desea encontrar acomodo en alg\u00fan otro club del Viejo Continente en busca de m\u00e1s minutos de juego.<\/p>\n<p style=\"text-align: center;\"><a href=\"https:\/\/www.futboltotal.com.mx\/2017\/08\/paco-jemez-sera-campeon-con-cruz-azul-enrique-meza\/\" target=\"_blank\" rel=\"noopener noreferrer\"><span style=\"color: #333399;\">VER M\u00c1S:\u00a0Cruz Azul ser\u00e1 campe\u00f3n con Paco J\u00e9mez: \u2018Ojitos\u2019 Meza<\/span><\/a><\/p>\n<p>Cabe recordar que el mercado de fichaje en Europa cierra el 31 de agosto y por eso el mexicano desea encontrar acomodo en alg\u00fan otro equipo que le garantice minutos de juego.<\/p>\n","protected":false},"excerpt":{"rendered":"<p>Lay\u00fan desea fichar con alg\u00fan otro club que le garantice minutos de juego<\/p>\n","protected":false},"author":20,"featured_media":484692,"comment_status":"closed","ping_status":"closed","sticky":false,"template":"","format":"standard","meta":[],"categories":[3839,2198,6718,3847],"tags":[6196,1035,1208],"_links":{"self":[{"href":"http:\/\/desarrollo.grupomedios.com\/futbol\/wp-json\/wp\/v2\/posts\/497021"}],"collection":[{"href":"http:\/\/desarrollo.grupomedios.com\/futbol\/wp-json\/wp\/v2\/posts"}],"about":[{"href":"http:\/\/desarrollo.grupomedios.com\/futbol\/wp-json\/wp\/v2\/types\/post"}],"author":[{"embeddable":true,"href":"http:\/\/desarrollo.grupomedios.com\/futbol\/wp-json\/wp\/v2\/users\/20"}],"replies":[{"embeddable":true,"href":"http:\/\/desarrollo.grupomedios.com\/futbol\/wp-json\/wp\/v2\/comments?post=497021"}],"version-history":[{"count":2,"href":"http:\/\/desarrollo.grupomedios.com\/futbol\/wp-json\/wp\/v2\/posts\/497021\/revisions"}],"predecessor-version":[{"id":497025,"href":"http:\/\/desarrollo.grupomedios.com\/futbol\/wp-json\/wp\/v2\/posts\/497021\/revisions\/497025"}],"wp:featuredmedia":[{"embeddable":true,"href":"http:\/\/desarrollo.grupomedios.com\/futbol\/wp-json\/wp\/v2\/media\/484692"}],"wp:attachment":[{"href":"http:\/\/desarrollo.grupomedios.com\/futbol\/wp-json\/wp\/v2\/media?parent=497021"}],"wp:term":[{"taxonomy":"category","embeddable":true,"href":"http:\/\/desarrollo.grupomedios.com\/futbol\/wp-json\/wp\/v2\/categories?post=497021"},{"taxonomy":"post_tag","embeddable":true,"href":"http:\/\/desarrollo.grupomedios.com\/futbol\/wp-json\/wp\/v2\/tags?post=497021"}],"curies":[{"name":"wp","href":"https:\/\/api.w.org\/{rel}","templated":true}]}}