{"id":497046,"date":"2017-08-29T15:48:44","date_gmt":"2017-08-29T20:48:44","guid":{"rendered":"https:\/\/www.futboltotal.com.mx\/?p=497046"},"modified":"2017-08-29T15:48:44","modified_gmt":"2017-08-29T20:48:44","slug":"201708tremendo-golazo-lacazette-practica-de-francia","status":"publish","type":"post","link":"http:\/\/desarrollo.grupomedios.com\/futbol\/futbol-internacional\/201708tremendo-golazo-lacazette-practica-de-francia\/2017\/08","title":{"rendered":"Tremendo golazo de Lacazette en la pr\u00e1ctica de Francia"},"content":{"rendered":"<p>El jugador franc\u00e9s del <strong>Arsenal, Alexandre Lacazette<\/strong>, caus\u00f3 sensaci\u00f3n durante la pr\u00e1ctica de la <strong>Selecci\u00f3n de Francia<\/strong>, luego de marcar tremendo golazo.<\/p>\n<p style=\"text-align: center;\"><a href=\"https:\/\/www.futboltotal.com.mx\/2017\/08\/paolo-goltz-minimizo-al-futbol-mexicano\" target=\"_blank\" rel=\"noopener noreferrer\"><span style=\"color: #333399;\">VER M\u00c1S:\u00a0Paolo Goltz minimiz\u00f3 al futbol mexicano<\/span><\/a><\/p>\n<p>La joya de gol fue registrada por los medios oficiales del combinado galo, quienes se encargaron de difundir el golazo del exjugador del<strong> Olympique Lyon<\/strong>, quien se quit\u00f3 la marca de <strong>Atonione Griezmann<\/strong> y defini\u00f3 con maestr\u00eda ante <strong>Mandanda.<\/strong><\/p>\n<p><iframe loading=\"lazy\" src=\"https:\/\/www.youtube.com\/embed\/SPNb96sN2WI?feature=oembed\" frameborder=\"0\" allowfullscreen><\/iframe><\/p>\n","protected":false},"excerpt":{"rendered":"<p>Lacazette le pint\u00f3 la cara a Grizmann y a Mandanda<\/p>\n","protected":false},"author":20,"featured_media":497051,"comment_status":"closed","ping_status":"closed","sticky":false,"template":"","format":"standard","meta":[],"categories":[3839],"tags":[9140,5191,9981,6044,413],"_links":{"self":[{"href":"http:\/\/desarrollo.grupomedios.com\/futbol\/wp-json\/wp\/v2\/posts\/497046"}],"collection":[{"href":"http:\/\/desarrollo.grupomedios.com\/futbol\/wp-json\/wp\/v2\/posts"}],"about":[{"href":"http:\/\/desarrollo.grupomedios.com\/futbol\/wp-json\/wp\/v2\/types\/post"}],"author":[{"embeddable":true,"href":"http:\/\/desarrollo.grupomedios.com\/futbol\/wp-json\/wp\/v2\/users\/20"}],"replies":[{"embeddable":true,"href":"http:\/\/desarrollo.grupomedios.com\/futbol\/wp-json\/wp\/v2\/comments?post=497046"}],"version-history":[{"count":2,"href":"http:\/\/desarrollo.grupomedios.com\/futbol\/wp-json\/wp\/v2\/posts\/497046\/revisions"}],"predecessor-version":[{"id":497052,"href":"http:\/\/desarrollo.grupomedios.com\/futbol\/wp-json\/wp\/v2\/posts\/497046\/revisions\/497052"}],"wp:featuredmedia":[{"embeddable":true,"href":"http:\/\/desarrollo.grupomedios.com\/futbol\/wp-json\/wp\/v2\/media\/497051"}],"wp:attachment":[{"href":"http:\/\/desarrollo.grupomedios.com\/futbol\/wp-json\/wp\/v2\/media?parent=497046"}],"wp:term":[{"taxonomy":"category","embeddable":true,"href":"http:\/\/desarrollo.grupomedios.com\/futbol\/wp-json\/wp\/v2\/categories?post=497046"},{"taxonomy":"post_tag","embeddable":true,"href":"http:\/\/desarrollo.grupomedios.com\/futbol\/wp-json\/wp\/v2\/tags?post=497046"}],"curies":[{"name":"wp","href":"https:\/\/api.w.org\/{rel}","templated":true}]}}