{"id":497084,"date":"2017-08-29T17:40:42","date_gmt":"2017-08-29T22:40:42","guid":{"rendered":"https:\/\/www.futboltotal.com.mx\/?p=497084"},"modified":"2017-08-29T17:40:42","modified_gmt":"2017-08-29T22:40:42","slug":"160-millones-de-euros-coutinho-jugara-en-el-barcelona-dicen-desde-brasil","status":"publish","type":"post","link":"http:\/\/desarrollo.grupomedios.com\/futbol\/destacado-home\/160-millones-de-euros-coutinho-jugara-en-el-barcelona-dicen-desde-brasil\/2017\/08","title":{"rendered":"Coutinho jugar\u00e1 en el Barcelona por 160 mde: medios en Brasil"},"content":{"rendered":"<p><strong>Phillippe Coutinho<\/strong> se convertir\u00e1 en jugador del <strong>FC Barcelona<\/strong> por 160 millones de euros que pagar\u00e1 el cuadro blaugrana al <strong>Liverpool<\/strong>, se\u00f1alan medios en Brasil.<\/p>\n<p>El futbolista brasile\u00f1o ser\u00eda anunciado como jugador de la escuadra cul\u00e9 el pr\u00f3ximo viernes, despu\u00e9s de que se hayan concretado los fichajes con los que el Liverpool suplir\u00eda a Coutinho.<\/p>\n<p style=\"text-align: center;\"><span style=\"color: #333399;\"><a style=\"color: #333399;\" href=\"https:\/\/www.futboltotal.com.mx\/2017\/08\/gareth-bale-la-emocion-le-provoco-a-este-nino\/\">VER M\u00c1S:\u00a0Gareth Bale y la emoci\u00f3n que le provoc\u00f3 a este ni\u00f1o<\/a><\/span><\/p>\n<p>La empresa Fenway Sports Club, propietaria del Liverpool, acept\u00f3 la oferta de 160 millones de euros, y se convertir\u00e1 en el fichaje m\u00e1s caro en la historia del Barcelona, y quedar\u00eda s\u00f3lo por debajo de los 222 mde que pag\u00f3 el PSG por Neymar.<\/p>\n<p>Coutinho ser\u00eda el tercer fichaje de la era post-Neymar, despu\u00e9s de la llegada del portugu\u00e9s Nelson Semedo y el franc\u00e9s Ousman\u00e9 Demb\u00e9l\u00e9.<\/p>\n<p style=\"text-align: center;\"><span style=\"color: #333399;\"><a style=\"color: #333399;\" href=\"https:\/\/www.futboltotal.com.mx\/2017\/08\/la-razon-por-la-que-messi-festeja-senalando-al-cielo\/\">VER M\u00c1S:\u00a0<span class=\"item-title\">La raz\u00f3n por la que Messi festeja se\u00f1alando al cielo<\/span><\/a><\/span><\/p>\n<p>&nbsp;<\/p>\n","protected":false},"excerpt":{"rendered":"<p>Desde Brasil informan que se ha alcanzado el acuerdo entre Liverpool y el cuadro blaugrana<\/p>\n","protected":false},"author":20,"featured_media":497088,"comment_status":"closed","ping_status":"closed","sticky":false,"template":"","format":"standard","meta":[],"categories":[5,3839,3844],"tags":[5984,5989,8765],"_links":{"self":[{"href":"http:\/\/desarrollo.grupomedios.com\/futbol\/wp-json\/wp\/v2\/posts\/497084"}],"collection":[{"href":"http:\/\/desarrollo.grupomedios.com\/futbol\/wp-json\/wp\/v2\/posts"}],"about":[{"href":"http:\/\/desarrollo.grupomedios.com\/futbol\/wp-json\/wp\/v2\/types\/post"}],"author":[{"embeddable":true,"href":"http:\/\/desarrollo.grupomedios.com\/futbol\/wp-json\/wp\/v2\/users\/20"}],"replies":[{"embeddable":true,"href":"http:\/\/desarrollo.grupomedios.com\/futbol\/wp-json\/wp\/v2\/comments?post=497084"}],"version-history":[{"count":1,"href":"http:\/\/desarrollo.grupomedios.com\/futbol\/wp-json\/wp\/v2\/posts\/497084\/revisions"}],"predecessor-version":[{"id":497089,"href":"http:\/\/desarrollo.grupomedios.com\/futbol\/wp-json\/wp\/v2\/posts\/497084\/revisions\/497089"}],"wp:featuredmedia":[{"embeddable":true,"href":"http:\/\/desarrollo.grupomedios.com\/futbol\/wp-json\/wp\/v2\/media\/497088"}],"wp:attachment":[{"href":"http:\/\/desarrollo.grupomedios.com\/futbol\/wp-json\/wp\/v2\/media?parent=497084"}],"wp:term":[{"taxonomy":"category","embeddable":true,"href":"http:\/\/desarrollo.grupomedios.com\/futbol\/wp-json\/wp\/v2\/categories?post=497084"},{"taxonomy":"post_tag","embeddable":true,"href":"http:\/\/desarrollo.grupomedios.com\/futbol\/wp-json\/wp\/v2\/tags?post=497084"}],"curies":[{"name":"wp","href":"https:\/\/api.w.org\/{rel}","templated":true}]}}